{"id":3151,"date":"2022-01-05T15:53:54","date_gmt":"2022-01-05T14:53:54","guid":{"rendered":"https:\/\/tenisowatalentiada.pl\/?p=3151"},"modified":"2024-09-04T07:08:03","modified_gmt":"2024-09-04T05:08:03","slug":"program-kinder-joy-of-moving-od-15-lat-dziala-w-polsce","status":"publish","type":"post","link":"https:\/\/tenisowatalentiada.pl\/en\/program-kinder-joy-of-moving-od-15-lat-dziala-w-polsce\/","title":{"rendered":"Program KINDER Joy of moving od 15 lat dzia\u0142a w Polsce!"},"content":{"rendered":"<div data-elementor-type=\"wp-post\" data-elementor-id=\"3151\" class=\"elementor elementor-3151\" data-elementor-post-type=\"post\">\n\t\t\t\t\t\t<section class=\"elementor-section elementor-top-section elementor-element elementor-element-195e9d2d elementor-section-full_width elementor-section-height-default elementor-section-height-default\" data-id=\"195e9d2d\" data-element_type=\"section\" data-e-type=\"section\">\n\t\t\t\t\t\t<div class=\"elementor-container elementor-column-gap-no\">\n\t\t\t\t\t<div class=\"elementor-column elementor-col-100 elementor-top-column elementor-element elementor-element-54aaae6a\" data-id=\"54aaae6a\" data-element_type=\"column\" data-e-type=\"column\">\n\t\t\t<div class=\"elementor-widget-wrap elementor-element-populated\">\n\t\t\t\t\t\t<div class=\"elementor-element elementor-element-709a859 elementor-widget elementor-widget-text-editor\" data-id=\"709a859\" data-element_type=\"widget\" data-e-type=\"widget\" data-widget_type=\"text-editor.default\">\n\t\t\t\t<div class=\"elementor-widget-container\">\n\t\t\t\t\t\t\t\t\tStycze\u0144, 04<br><span style=\"background-color: var(--ast-global-color-5); font-size: 24px; font-style: inherit; font-weight: 600;\">Program KINDER Joy of moving od 15 lat dzia\u0142a w Polsce!<\/span>\t\t\t\t\t\t\t\t<\/div>\n\t\t\t\t<\/div>\n\t\t\t\t<div class=\"elementor-element elementor-element-1d13af4 elementor-widget elementor-widget-image\" data-id=\"1d13af4\" data-element_type=\"widget\" data-e-type=\"widget\" data-widget_type=\"image.default\">\n\t\t\t\t<div class=\"elementor-widget-container\">\n\t\t\t\t\t\t\t\t\t\t\t\t\t\t\t<img fetchpriority=\"high\" decoding=\"async\" width=\"2709\" height=\"999\" src=\"https:\/\/tenisowatalentiada.pl\/wp-content\/uploads\/2022\/01\/KINDER_JOM_15_LECIE_www_news.png\" class=\"attachment-full size-full wp-image-3147\" alt=\"\" srcset=\"https:\/\/tenisowatalentiada.pl\/wp-content\/uploads\/2022\/01\/KINDER_JOM_15_LECIE_www_news.png 2709w, https:\/\/tenisowatalentiada.pl\/wp-content\/uploads\/2022\/01\/KINDER_JOM_15_LECIE_www_news-300x111.png 300w, https:\/\/tenisowatalentiada.pl\/wp-content\/uploads\/2022\/01\/KINDER_JOM_15_LECIE_www_news-1024x378.png 1024w, https:\/\/tenisowatalentiada.pl\/wp-content\/uploads\/2022\/01\/KINDER_JOM_15_LECIE_www_news-768x283.png 768w, https:\/\/tenisowatalentiada.pl\/wp-content\/uploads\/2022\/01\/KINDER_JOM_15_LECIE_www_news-1536x566.png 1536w, https:\/\/tenisowatalentiada.pl\/wp-content\/uploads\/2022\/01\/KINDER_JOM_15_LECIE_www_news-2048x755.png 2048w\" sizes=\"(max-width: 2709px) 100vw, 2709px\" \/>\t\t\t\t\t\t\t\t\t\t\t\t\t\t\t<\/div>\n\t\t\t\t<\/div>\n\t\t\t\t<div class=\"elementor-element elementor-element-74d91f elementor-widget elementor-widget-text-editor\" data-id=\"74d91f\" data-element_type=\"widget\" data-e-type=\"widget\" data-widget_type=\"text-editor.default\">\n\t\t\t\t<div class=\"elementor-widget-container\">\n\t\t\t\t\t\t\t\t\t<p><strong>KINDER Joy of moving<\/strong>\u00a0 to mi\u0119dzynarodowy program z zakresu spo\u0142ecznej odpowiedzialno\u015bci biznesu, realizowany przez Grup\u0119 Ferrero w ponad 20 krajach na ca\u0142ym \u015bwiecie, w tym od 2007 roku r\u00f3wnie\u017c w Polsce. U\u00a0podstaw programu le\u017cy przekonanie, i\u017c u\u0142atwiaj\u0105c dzieciom oraz m\u0142odzie\u017cy dost\u0119p do aktywno\u015bci fizycznej, inspirujemy je do przy\u0142\u0105czenia si\u0119 do kultury ruchu, wierz\u0105c tym samym, i\u017c w\u00a0przysz\u0142o\u015bci stan\u0105 si\u0119 aktywnymi doros\u0142ymi!<\/p><p>W 2022 roku Ferrero celebruje 30-lecie swojej dzia\u0142alno\u015bci w Polsce, ale r\u00f3wnie\u017c 15-lecie realizowania programu KINDER Joy of moving w naszym kraju. Dzi\u0119ki partnerstwom KINDER Joy of moving z wybranymi narodowymi zwi\u0105zkami sportowymi \u2013 Polskim Zwi\u0105zkiem Pi\u0142ki Siatkowej, Polskim Zwi\u0105zkiem Tenisowym, Polskim Zwi\u0105zkiem \u017beglarskim oraz Polskim Komitetem Olimpijskim, organizacjami non-profit jak Fundacja Moniki Pyrek oraz pod honorowym patronatem i przy wsparciu ze strony instytucji pa\u0144stwowych \u2013 Ministerstwa Sportu i Turystyki oraz Ministerstwa Edukacji i Nauki, promocja aktywno\u015bci fizycznej przez wsp\u00f3ln\u0105 sportow\u0105 zabaw\u0119 zyskuje og\u00f3lnopolski zasi\u0119g i radosny wymiar! Tylko w ubieg\u0142ym roku ponad 360 tysi\u0119cy dzieci oraz nastolatk\u00f3w wzi\u0119\u0142o aktywny udzia\u0142 w projektach tenisowych, siatkarskich, lekkoatletycznych, p\u0142ywackich, \u017ceglarskich oraz z zakresu edukacji olimpijskiej w trybie tradycyjnym oraz zdalnym.<\/p><p>Obecnie w Polsce w ramach programu KINDER Joy of moving prowadzonych jest a\u017c siedem og\u00f3lnokrajowych i ca\u0142orocznych projekt\u00f3w o charakterze sportowo-edukacyjnym:<\/p><ul><li><a href=\"http:\/\/www.tenisowatalentiada.pl\" target=\"_blank\" rel=\"noopener\"><strong>KINDER Joy of moving Tenisowa Talentiada\u00a0<\/strong><\/a><\/li><li><a href=\"https:\/\/www.tennistrophy.com\/\" target=\"_blank\" rel=\"noopener\"><strong>KINDER Joy of moving Tennis Trophy <\/strong><\/a><\/li><li><a href=\"http:\/\/www.radosczeglowania.pl\" target=\"_blank\" rel=\"noopener\"><strong>KINDER Joy of moving Rado\u015b\u0107 \u017ceglowania <\/strong><\/a><\/li><li><a href=\"https:\/\/szkoly.alternatywnelekcjewf.pl\/\" target=\"_blank\" rel=\"noopener\"><strong>KINDER Joy of moving Alternatywne lekcje WF <\/strong><\/a><\/li><li><a href=\"https:\/\/alternatywnelekcjewf.pl\/\" target=\"_blank\" rel=\"noopener\"><strong>KINDER Joy of moving Alternatywne lekcje WF e-platforma\u00a0<\/strong><\/a><\/li><li><a href=\"http:\/\/www.minisiatkowka.pl\" target=\"_blank\" rel=\"noopener\"><strong>Og\u00f3lnopolskie Mistrzowstwa w Minisiatk\u00f3wce o Puchar KINDER Joy of moving<\/strong><\/a><\/li><li><a href=\"https:\/\/olimpijski.pl\/edukacjapkol\/jak-dzialamy\/kinder-joy-of-moving\/\" target=\"_blank\" rel=\"noopener\"><strong>Partnerstwo z Polskim Komitetem Olimpijskim przy programie edukacji olimpijskiej \u201eJa i Sport\u201d <\/strong><\/a><\/li><\/ul><p>Tak szeroka obecno\u015bci programu KINDER Joy of moving powodowana jest ch\u0119ci\u0105 pokazania najm\u0142odszym oraz ich rodzinom, i\u017c ka\u017cda dyscyplina sportu niesie ze sob\u0105 wiele rado\u015bci, a pr\u00f3bowanie r\u00f3\u017cnych form aktywno\u015bci mo\u017ce pozytywnie wp\u0142ywa\u0107 na nasz rozw\u00f3j oraz samopoczucie! Warto r\u00f3wnie\u017c podkre\u015bli\u0107, i\u017c dost\u0119p do wszystkich projekt\u00f3w KINDER Joy of moving w Polsce jest ca\u0142kowicie bezp\u0142atny.<\/p><p><strong>Do\u0142\u0105cz do naszej dru\u017cyny, baw si\u0119 sportem i zosta\u0144 MISTRZEM RADO\u015aCI! <\/strong><\/p><p>Wi\u0119cej: <a href=\"http:\/\/www.kinderjoyofmoving.pl\">www.kinderjoyofmoving.pl<\/a><\/p><ul><li><a href=\"https:\/\/www.instagram.com\/kinderjoyofmoving.polska\/\" target=\"_blank\" rel=\"noopener\">Instagram KINDER Joy of moving Polska<\/a><\/li><li><a href=\"https:\/\/www.facebook.com\/KinderJoyofmoving.Polska\/\" target=\"_blank\" rel=\"noopener\">Facebook KINDER Joy of moving Polska<\/a><\/li><li><a href=\"https:\/\/www.youtube.com\/c\/KinderJoyofmovingPolska\" target=\"_blank\" rel=\"noopener\">Youtube KINDER Joy of moving Polska<\/a><span style=\"font-size: 16px;\">\u00a0\u00a0<\/span><\/li><\/ul>\t\t\t\t\t\t\t\t<\/div>\n\t\t\t\t<\/div>\n\t\t\t\t\t<\/div>\n\t\t<\/div>\n\t\t\t\t\t<\/div>\n\t\t<\/section>\n\t\t\t\t<\/div>","protected":false},"excerpt":{"rendered":"<p>Stycze\u0144, 04Program KINDER Joy of moving od 15 lat dzia\u0142a w Polsce! KINDER Joy of moving\u00a0 to mi\u0119dzynarodowy program z zakresu spo\u0142ecznej odpowiedzialno\u015bci biznesu, realizowany przez Grup\u0119 Ferrero w ponad 20 krajach na ca\u0142ym \u015bwiecie, w tym od 2007 roku r\u00f3wnie\u017c w Polsce. U\u00a0podstaw programu le\u017cy przekonanie, i\u017c u\u0142atwiaj\u0105c dzieciom oraz m\u0142odzie\u017cy dost\u0119p do aktywno\u015bci [&hellip;]<\/p>","protected":false},"author":1,"featured_media":3146,"comment_status":"closed","ping_status":"closed","sticky":false,"template":"","format":"standard","meta":{"site-sidebar-layout":"default","site-content-layout":"content-boxed-container","ast-site-content-layout":"normal-width-container","site-content-style":"boxed","site-sidebar-style":"unboxed","ast-global-header-display":"","ast-banner-title-visibility":"","ast-main-header-display":"","ast-hfb-above-header-display":"","ast-hfb-below-header-display":"","ast-hfb-mobile-header-display":"","site-post-title":"disabled","ast-breadcrumbs-content":"","ast-featured-img":"disabled","footer-sml-layout":"","ast-disable-related-posts":"","theme-transparent-header-meta":"default","adv-header-id-meta":"","stick-header-meta":"","header-above-stick-meta":"","header-main-stick-meta":"","header-below-stick-meta":"","astra-migrate-meta-layouts":"set","ast-page-background-enabled":"default","ast-page-background-meta":{"desktop":{"background-color":"","background-image":"","background-repeat":"repeat","background-position":"center center","background-size":"auto","background-attachment":"scroll","background-type":"","background-media":"","overlay-type":"","overlay-color":"","overlay-opacity":"","overlay-gradient":""},"tablet":{"background-color":"","background-image":"","background-repeat":"repeat","background-position":"center center","background-size":"auto","background-attachment":"scroll","background-type":"","background-media":"","overlay-type":"","overlay-color":"","overlay-opacity":"","overlay-gradient":""},"mobile":{"background-color":"","background-image":"","background-repeat":"repeat","background-position":"center center","background-size":"auto","background-attachment":"scroll","background-type":"","background-media":"","overlay-type":"","overlay-color":"","overlay-opacity":"","overlay-gradient":""}},"ast-content-background-meta":{"desktop":{"background-color":"var(--ast-global-color-5)","background-image":"","background-repeat":"repeat","background-position":"center center","background-size":"auto","background-attachment":"scroll","background-type":"","background-media":"","overlay-type":"","overlay-color":"","overlay-opacity":"","overlay-gradient":""},"tablet":{"background-color":"var(--ast-global-color-5)","background-image":"","background-repeat":"repeat","background-position":"center center","background-size":"auto","background-attachment":"scroll","background-type":"","background-media":"","overlay-type":"","overlay-color":"","overlay-opacity":"","overlay-gradient":""},"mobile":{"background-color":"var(--ast-global-color-5)","background-image":"","background-repeat":"repeat","background-position":"center center","background-size":"auto","background-attachment":"scroll","background-type":"","background-media":"","overlay-type":"","overlay-color":"","overlay-opacity":"","overlay-gradient":""}},"footnotes":""},"categories":[1],"tags":[],"class_list":["post-3151","post","type-post","status-publish","format-standard","has-post-thumbnail","hentry","category-bez-kategorii"],"aioseo_notices":[],"_links":{"self":[{"href":"https:\/\/tenisowatalentiada.pl\/en\/wp-json\/wp\/v2\/posts\/3151","targetHints":{"allow":["GET"]}}],"collection":[{"href":"https:\/\/tenisowatalentiada.pl\/en\/wp-json\/wp\/v2\/posts"}],"about":[{"href":"https:\/\/tenisowatalentiada.pl\/en\/wp-json\/wp\/v2\/types\/post"}],"author":[{"embeddable":true,"href":"https:\/\/tenisowatalentiada.pl\/en\/wp-json\/wp\/v2\/users\/1"}],"replies":[{"embeddable":true,"href":"https:\/\/tenisowatalentiada.pl\/en\/wp-json\/wp\/v2\/comments?post=3151"}],"version-history":[{"count":29,"href":"https:\/\/tenisowatalentiada.pl\/en\/wp-json\/wp\/v2\/posts\/3151\/revisions"}],"predecessor-version":[{"id":6851,"href":"https:\/\/tenisowatalentiada.pl\/en\/wp-json\/wp\/v2\/posts\/3151\/revisions\/6851"}],"wp:featuredmedia":[{"embeddable":true,"href":"https:\/\/tenisowatalentiada.pl\/en\/wp-json\/wp\/v2\/media\/3146"}],"wp:attachment":[{"href":"https:\/\/tenisowatalentiada.pl\/en\/wp-json\/wp\/v2\/media?parent=3151"}],"wp:term":[{"taxonomy":"category","embeddable":true,"href":"https:\/\/tenisowatalentiada.pl\/en\/wp-json\/wp\/v2\/categories?post=3151"},{"taxonomy":"post_tag","embeddable":true,"href":"https:\/\/tenisowatalentiada.pl\/en\/wp-json\/wp\/v2\/tags?post=3151"}],"curies":[{"name":"wp","href":"https:\/\/api.w.org\/{rel}","templated":true}]}}