{"id":3762,"date":"2022-09-01T17:40:05","date_gmt":"2022-09-01T15:40:05","guid":{"rendered":"https:\/\/tenisowatalentiada.pl\/?p=3762"},"modified":"2024-09-03T23:17:24","modified_gmt":"2024-09-03T21:17:24","slug":"poznaj-mistrzow-tenisowej-talentiady","status":"publish","type":"post","link":"https:\/\/tenisowatalentiada.pl\/en\/poznaj-mistrzow-tenisowej-talentiady\/","title":{"rendered":"Poznaj MISTRZ\u00d3W Tenisowej Talentiady\ufffc"},"content":{"rendered":"<div data-elementor-type=\"wp-post\" data-elementor-id=\"3762\" class=\"elementor elementor-3762\" data-elementor-post-type=\"post\">\n\t\t\t\t\t\t<section class=\"elementor-section elementor-top-section elementor-element elementor-element-195e9d2d elementor-section-full_width elementor-section-height-default elementor-section-height-default\" data-id=\"195e9d2d\" data-element_type=\"section\" data-e-type=\"section\">\n\t\t\t\t\t\t<div class=\"elementor-container elementor-column-gap-no\">\n\t\t\t\t\t<div class=\"elementor-column elementor-col-100 elementor-top-column elementor-element elementor-element-54aaae6a\" data-id=\"54aaae6a\" data-element_type=\"column\" data-e-type=\"column\">\n\t\t\t<div class=\"elementor-widget-wrap elementor-element-populated\">\n\t\t\t\t\t\t<div class=\"elementor-element elementor-element-709a859 elementor-widget elementor-widget-text-editor\" data-id=\"709a859\" data-element_type=\"widget\" data-e-type=\"widget\" data-widget_type=\"text-editor.default\">\n\t\t\t\t<div class=\"elementor-widget-container\">\n\t\t\t\t\t\t\t\t\t<p>Wrzesie\u0144, 01<br \/><span style=\"background-color: var(--ast-global-color-5); font-size: 24px; font-style: inherit; font-weight: 600;\">Poznaj MISTRZ\u00d3W Tenisowej Talentiady<br \/><\/span><\/p>\t\t\t\t\t\t\t\t<\/div>\n\t\t\t\t<\/div>\n\t\t\t\t<div class=\"elementor-element elementor-element-1d13af4 elementor-widget elementor-widget-image\" data-id=\"1d13af4\" data-element_type=\"widget\" data-e-type=\"widget\" data-widget_type=\"image.default\">\n\t\t\t\t<div class=\"elementor-widget-container\">\n\t\t\t\t\t\t\t\t\t\t\t\t\t\t\t<img fetchpriority=\"high\" decoding=\"async\" width=\"1301\" height=\"480\" src=\"https:\/\/tenisowatalentiada.pl\/wp-content\/uploads\/2022\/09\/KINDER_JOM_TALENTIADA-2022_11a.jpg\" class=\"attachment-full size-full wp-image-3764\" alt=\"\" srcset=\"https:\/\/tenisowatalentiada.pl\/wp-content\/uploads\/2022\/09\/KINDER_JOM_TALENTIADA-2022_11a.jpg 1301w, https:\/\/tenisowatalentiada.pl\/wp-content\/uploads\/2022\/09\/KINDER_JOM_TALENTIADA-2022_11a-300x111.jpg 300w, https:\/\/tenisowatalentiada.pl\/wp-content\/uploads\/2022\/09\/KINDER_JOM_TALENTIADA-2022_11a-1024x378.jpg 1024w, https:\/\/tenisowatalentiada.pl\/wp-content\/uploads\/2022\/09\/KINDER_JOM_TALENTIADA-2022_11a-768x283.jpg 768w\" sizes=\"(max-width: 1301px) 100vw, 1301px\" \/>\t\t\t\t\t\t\t\t\t\t\t\t\t\t\t<\/div>\n\t\t\t\t<\/div>\n\t\t\t\t<div class=\"elementor-element elementor-element-74d91f elementor-widget elementor-widget-text-editor\" data-id=\"74d91f\" data-element_type=\"widget\" data-e-type=\"widget\" data-widget_type=\"text-editor.default\">\n\t\t\t\t<div class=\"elementor-widget-container\">\n\t\t\t\t\t\t\t\t\t<p>KINDER Joy of moving Tenisowa Talentiada to projekt, w kt\u00f3rym przez ostatnie 20 lat wi\u0119z\u0142o aktywny udzia\u0142 tysi\u0105ce dzieci z ca\u0142ej Polski \u2013 w tym gwiazdy polskiego tenisa! Tak, tak \u2026 w rozgrywkach Tenisowa Talentiada brali udzia\u0142 m.in. Iga \u015awi\u0105tek, Magda Linette, Kamil Majchrzak czy Maja Chwali\u0144ska!<\/p><p>Rok 2022 jest wyj\u0105tkowy w kontek\u015bcie jubileuszu 20-lecia Tenisowej Talentiady, ale i dla osostniej z wymienionych gwiazd polskiego tenisa jest on wa\u017cny! Maja Chwali\u0144ska pierwszy raz w swojej karierze zagra\u0142a w g\u0142\u00f3wnej drabince wielkoszlemowego Wimbledonu! Wielkie brawa! Maja podzieli\u0142a si\u0119 z nami wspomnieniami dotycz\u0105cymi swojego startu w Tenisowej Talentiadzie:<\/p>\t\t\t\t\t\t\t\t<\/div>\n\t\t\t\t<\/div>\n\t\t\t\t<section class=\"elementor-section elementor-inner-section elementor-element elementor-element-4166c71 elementor-section-boxed elementor-section-height-default elementor-section-height-default\" data-id=\"4166c71\" data-element_type=\"section\" data-e-type=\"section\">\n\t\t\t\t\t\t<div class=\"elementor-container elementor-column-gap-default\">\n\t\t\t\t\t<div class=\"elementor-column elementor-col-50 elementor-inner-column elementor-element elementor-element-f1490d0\" data-id=\"f1490d0\" data-element_type=\"column\" data-e-type=\"column\">\n\t\t\t<div class=\"elementor-widget-wrap elementor-element-populated\">\n\t\t\t\t\t\t<div class=\"elementor-element elementor-element-07f2891 elementor-widget elementor-widget-image\" data-id=\"07f2891\" data-element_type=\"widget\" data-e-type=\"widget\" data-widget_type=\"image.default\">\n\t\t\t\t<div class=\"elementor-widget-container\">\n\t\t\t\t\t\t\t\t\t\t\t\t\t\t\t<img decoding=\"async\" width=\"813\" height=\"1024\" src=\"https:\/\/tenisowatalentiada.pl\/wp-content\/uploads\/2022\/09\/Maja-Chwalinska_popr-1-813x1024.jpg\" class=\"attachment-large size-large wp-image-3766\" alt=\"\" srcset=\"https:\/\/tenisowatalentiada.pl\/wp-content\/uploads\/2022\/09\/Maja-Chwalinska_popr-1-813x1024.jpg 813w, https:\/\/tenisowatalentiada.pl\/wp-content\/uploads\/2022\/09\/Maja-Chwalinska_popr-1-238x300.jpg 238w, https:\/\/tenisowatalentiada.pl\/wp-content\/uploads\/2022\/09\/Maja-Chwalinska_popr-1-768x967.jpg 768w, https:\/\/tenisowatalentiada.pl\/wp-content\/uploads\/2022\/09\/Maja-Chwalinska_popr-1-1220x1536.jpg 1220w, https:\/\/tenisowatalentiada.pl\/wp-content\/uploads\/2022\/09\/Maja-Chwalinska_popr-1-1627x2048.jpg 1627w, https:\/\/tenisowatalentiada.pl\/wp-content\/uploads\/2022\/09\/Maja-Chwalinska_popr-1-scaled.jpg 2034w\" sizes=\"(max-width: 813px) 100vw, 813px\" \/>\t\t\t\t\t\t\t\t\t\t\t\t\t\t\t<\/div>\n\t\t\t\t<\/div>\n\t\t\t\t\t<\/div>\n\t\t<\/div>\n\t\t\t\t<div class=\"elementor-column elementor-col-50 elementor-inner-column elementor-element elementor-element-a311237\" data-id=\"a311237\" data-element_type=\"column\" data-e-type=\"column\">\n\t\t\t<div class=\"elementor-widget-wrap elementor-element-populated\">\n\t\t\t\t\t\t<div class=\"elementor-element elementor-element-33f6460 elementor-widget elementor-widget-text-editor\" data-id=\"33f6460\" data-element_type=\"widget\" data-e-type=\"widget\" data-widget_type=\"text-editor.default\">\n\t\t\t\t<div class=\"elementor-widget-container\">\n\t\t\t\t\t\t\t\t\t<p><em>W Tenisowej Talentiadzie zadebiutowa\u0142am je\u015bli dobrze pami\u0119tam w roku 2009 w wieku 8 lat. By\u0142 to debiut marze\u0144, wraz z moim zespo\u0142em stan\u0119li\u015bmy na drugim stopniu podium, przedzieraj\u0105c si\u0119 przez kolejne etapy cyklu.<\/em><\/p><p><em>Opr\u00f3cz mnie moj\u0105 dru\u017cyn\u0119, kt\u00f3ra nosi\u0142a wdzi\u0119czn\u0105 nazw\u0119 \u2018\u2019Tn\u0105ce Rakiety\u2019\u2019 D\u0105browa G\u00f3rnicza reprezentowa\u0142 m.in. Miko\u0142aj Wrzo\u0142, kt\u00f3ry do dnia dzisiejszego dzieli ze mn\u0105 barwy klubowe BKT Advantage Bielsko-Bia\u0142a!<\/em><\/p><p><em>Udzia\u0142 w tym wydarzeniu wi\u0105za\u0142 si\u0119 ze sporymi emocjami, poniewa\u017c pierwszy raz mia\u0142am okazj\u0119 zmierzy\u0107 si\u0119 z dzieciakami z ca\u0142ej Polski!<\/em><\/p>\t\t\t\t\t\t\t\t<\/div>\n\t\t\t\t<\/div>\n\t\t\t\t\t<\/div>\n\t\t<\/div>\n\t\t\t\t\t<\/div>\n\t\t<\/section>\n\t\t\t\t<div class=\"elementor-element elementor-element-330b5b6 elementor-widget elementor-widget-text-editor\" data-id=\"330b5b6\" data-element_type=\"widget\" data-e-type=\"widget\" data-widget_type=\"text-editor.default\">\n\t\t\t\t<div class=\"elementor-widget-container\">\n\t\t\t\t\t\t\t\t\t<p><em>Tenisowa Telntiada opr\u00f3cz rywalizacji sportowej by\u0142a \u015bwietn\u0105 zabaw\u0105! Moj\u0105 najmocniejsz\u0105 stron\u0105 by\u0142y oczywi\u015bcie konkurencje sprawno\u015bciowe oraz wszystkie gry para tenisowe, w kt\u00f3rych czu\u0142am si\u0119 jak ryba w wodzie. Zreszt\u0105 w pocz\u0105tkowych latach mojej kariery tenisowej trening, kt\u00f3ry wykonywa\u0142am w g\u0142\u00f3wnej mierze opiera\u0142 si\u0119 na nauce tenisa przez zabaw\u0119. Dlatego wszelkiego rodzaju rzucanki, biegi wahad\u0142owe, rzuty pi\u0142k\u0105 do celu nie stanowi\u0142y dla mnie \u017cadnego problemu. <\/em><\/p>\n<p><em>Bardzo si\u0119 ciesz\u0119, \u017ce inicjatywa Tenisowej Talentiady trwa nadal! Jest to nie tylko wspania\u0142a przygoda dla najm\u0142odszych adept\u00f3w tenisa, ale tak\u017ce \u015bwietne przygotowanie do p\u00f3\u017aniejszej rywalizacji na arenie krajowej i mi\u0119dzynarodowej! W tym roku b\u0119d\u0119 mocno trzyma\u0107 kciuki za dru\u017cyn\u0119 #BKTTEAM! Mam nadziej\u0119, \u017ce p\u00f3jd\u0105 w moje \u015blady i wr\u00f3c\u0105 do Bielska-Bia\u0142ej z pucharem. \u2013 <\/em>powiedzia\u0142a Maja Chwali\u0144ska<\/p>\n<p>C\u00f3\u017c mo\u017cemy doda\u0107? Chyba tylko tyle, \u017ce nie mo\u017cemy si\u0119 doczeka\u0107 najbli\u017cszej niedzieli (04.09), kiedy w a\u017c 13 lokalizacjach w ca\u0142ej Polsce rozegrane zostan\u0105 eliminacje tegorocznej edycji KINDER Joy of moving Tenisowej Talentiady!<\/p>\n<p>Do zobaczenia!<\/p>\t\t\t\t\t\t\t\t<\/div>\n\t\t\t\t<\/div>\n\t\t\t\t<section class=\"elementor-section elementor-inner-section elementor-element elementor-element-4cb90ed elementor-section-boxed elementor-section-height-default elementor-section-height-default\" data-id=\"4cb90ed\" data-element_type=\"section\" data-e-type=\"section\">\n\t\t\t\t\t\t<div class=\"elementor-container elementor-column-gap-default\">\n\t\t\t\t\t<div class=\"elementor-column elementor-col-100 elementor-inner-column elementor-element elementor-element-ea79094\" data-id=\"ea79094\" data-element_type=\"column\" data-e-type=\"column\">\n\t\t\t<div class=\"elementor-widget-wrap\">\n\t\t\t\t\t\t\t<\/div>\n\t\t<\/div>\n\t\t\t\t\t<\/div>\n\t\t<\/section>\n\t\t\t\t\t<\/div>\n\t\t<\/div>\n\t\t\t\t\t<\/div>\n\t\t<\/section>\n\t\t\t\t<\/div>","protected":false},"excerpt":{"rendered":"<p>Wrzesie\u0144, 01Poznaj MISTRZ\u00d3W Tenisowej Talentiady KINDER Joy of moving Tenisowa Talentiada to projekt, w kt\u00f3rym przez ostatnie 20 lat wi\u0119z\u0142o aktywny udzia\u0142 tysi\u0105ce dzieci z ca\u0142ej Polski \u2013 w tym gwiazdy polskiego tenisa! Tak, tak \u2026 w rozgrywkach Tenisowa Talentiada brali udzia\u0142 m.in. Iga \u015awi\u0105tek, Magda Linette, Kamil Majchrzak czy Maja Chwali\u0144ska! Rok 2022 jest [&hellip;]<\/p>","protected":false},"author":1,"featured_media":3763,"comment_status":"closed","ping_status":"closed","sticky":false,"template":"","format":"standard","meta":{"site-sidebar-layout":"default","site-content-layout":"content-boxed-container","ast-site-content-layout":"normal-width-container","site-content-style":"boxed","site-sidebar-style":"unboxed","ast-global-header-display":"","ast-banner-title-visibility":"","ast-main-header-display":"","ast-hfb-above-header-display":"","ast-hfb-below-header-display":"","ast-hfb-mobile-header-display":"","site-post-title":"disabled","ast-breadcrumbs-content":"","ast-featured-img":"disabled","footer-sml-layout":"","ast-disable-related-posts":"","theme-transparent-header-meta":"default","adv-header-id-meta":"","stick-header-meta":"","header-above-stick-meta":"","header-main-stick-meta":"","header-below-stick-meta":"","astra-migrate-meta-layouts":"set","ast-page-background-enabled":"default","ast-page-background-meta":{"desktop":{"background-color":"","background-image":"","background-repeat":"repeat","background-position":"center center","background-size":"auto","background-attachment":"scroll","background-type":"","background-media":"","overlay-type":"","overlay-color":"","overlay-opacity":"","overlay-gradient":""},"tablet":{"background-color":"","background-image":"","background-repeat":"repeat","background-position":"center center","background-size":"auto","background-attachment":"scroll","background-type":"","background-media":"","overlay-type":"","overlay-color":"","overlay-opacity":"","overlay-gradient":""},"mobile":{"background-color":"","background-image":"","background-repeat":"repeat","background-position":"center center","background-size":"auto","background-attachment":"scroll","background-type":"","background-media":"","overlay-type":"","overlay-color":"","overlay-opacity":"","overlay-gradient":""}},"ast-content-background-meta":{"desktop":{"background-color":"var(--ast-global-color-5)","background-image":"","background-repeat":"repeat","background-position":"center center","background-size":"auto","background-attachment":"scroll","background-type":"","background-media":"","overlay-type":"","overlay-color":"","overlay-opacity":"","overlay-gradient":""},"tablet":{"background-color":"var(--ast-global-color-5)","background-image":"","background-repeat":"repeat","background-position":"center center","background-size":"auto","background-attachment":"scroll","background-type":"","background-media":"","overlay-type":"","overlay-color":"","overlay-opacity":"","overlay-gradient":""},"mobile":{"background-color":"var(--ast-global-color-5)","background-image":"","background-repeat":"repeat","background-position":"center center","background-size":"auto","background-attachment":"scroll","background-type":"","background-media":"","overlay-type":"","overlay-color":"","overlay-opacity":"","overlay-gradient":""}},"footnotes":""},"categories":[1],"tags":[],"class_list":["post-3762","post","type-post","status-publish","format-standard","has-post-thumbnail","hentry","category-bez-kategorii"],"aioseo_notices":[],"_links":{"self":[{"href":"https:\/\/tenisowatalentiada.pl\/en\/wp-json\/wp\/v2\/posts\/3762","targetHints":{"allow":["GET"]}}],"collection":[{"href":"https:\/\/tenisowatalentiada.pl\/en\/wp-json\/wp\/v2\/posts"}],"about":[{"href":"https:\/\/tenisowatalentiada.pl\/en\/wp-json\/wp\/v2\/types\/post"}],"author":[{"embeddable":true,"href":"https:\/\/tenisowatalentiada.pl\/en\/wp-json\/wp\/v2\/users\/1"}],"replies":[{"embeddable":true,"href":"https:\/\/tenisowatalentiada.pl\/en\/wp-json\/wp\/v2\/comments?post=3762"}],"version-history":[{"count":11,"href":"https:\/\/tenisowatalentiada.pl\/en\/wp-json\/wp\/v2\/posts\/3762\/revisions"}],"predecessor-version":[{"id":6842,"href":"https:\/\/tenisowatalentiada.pl\/en\/wp-json\/wp\/v2\/posts\/3762\/revisions\/6842"}],"wp:featuredmedia":[{"embeddable":true,"href":"https:\/\/tenisowatalentiada.pl\/en\/wp-json\/wp\/v2\/media\/3763"}],"wp:attachment":[{"href":"https:\/\/tenisowatalentiada.pl\/en\/wp-json\/wp\/v2\/media?parent=3762"}],"wp:term":[{"taxonomy":"category","embeddable":true,"href":"https:\/\/tenisowatalentiada.pl\/en\/wp-json\/wp\/v2\/categories?post=3762"},{"taxonomy":"post_tag","embeddable":true,"href":"https:\/\/tenisowatalentiada.pl\/en\/wp-json\/wp\/v2\/tags?post=3762"}],"curies":[{"name":"wp","href":"https:\/\/api.w.org\/{rel}","templated":true}]}}