{"id":4453,"date":"2022-09-14T07:29:23","date_gmt":"2022-09-14T05:29:23","guid":{"rendered":"https:\/\/tenisowatalentiada.pl\/?p=4453"},"modified":"2024-09-03T11:11:45","modified_gmt":"2024-09-03T09:11:45","slug":"historia-tenisowej-talentiady-opisana-przez-jej-tworcow","status":"publish","type":"post","link":"https:\/\/tenisowatalentiada.pl\/en\/historia-tenisowej-talentiady-opisana-przez-jej-tworcow\/","title":{"rendered":"Historia Tenisowej Talentiady opisana przez jej tw\u00f3rc\u00f3w"},"content":{"rendered":"<div data-elementor-type=\"wp-post\" data-elementor-id=\"4453\" class=\"elementor elementor-4453\" data-elementor-post-type=\"post\">\n\t\t\t\t\t\t<section class=\"elementor-section elementor-top-section elementor-element elementor-element-195e9d2d elementor-section-full_width elementor-section-height-default elementor-section-height-default\" data-id=\"195e9d2d\" data-element_type=\"section\" data-e-type=\"section\">\n\t\t\t\t\t\t<div class=\"elementor-container elementor-column-gap-no\">\n\t\t\t\t\t<div class=\"elementor-column elementor-col-100 elementor-top-column elementor-element elementor-element-54aaae6a\" data-id=\"54aaae6a\" data-element_type=\"column\" data-e-type=\"column\">\n\t\t\t<div class=\"elementor-widget-wrap elementor-element-populated\">\n\t\t\t\t\t\t<div class=\"elementor-element elementor-element-709a859 elementor-widget elementor-widget-text-editor\" data-id=\"709a859\" data-element_type=\"widget\" data-e-type=\"widget\" data-widget_type=\"text-editor.default\">\n\t\t\t\t<div class=\"elementor-widget-container\">\n\t\t\t\t\t\t\t\t\t<p>Wrzesie\u0144, 14<br \/><span style=\"background-color: var(--ast-global-color-5); font-size: 24px; font-style: inherit; font-weight: 600;\">Historia Tenisowej Talentiady opisana przez jej tw\u00f3rc\u00f3w<br \/><\/span><\/p>\t\t\t\t\t\t\t\t<\/div>\n\t\t\t\t<\/div>\n\t\t\t\t<div class=\"elementor-element elementor-element-1d13af4 elementor-widget elementor-widget-image\" data-id=\"1d13af4\" data-element_type=\"widget\" data-e-type=\"widget\" data-widget_type=\"image.default\">\n\t\t\t\t<div class=\"elementor-widget-container\">\n\t\t\t\t\t\t\t\t\t\t\t\t\t\t\t<img fetchpriority=\"high\" decoding=\"async\" width=\"1301\" height=\"480\" src=\"https:\/\/tenisowatalentiada.pl\/wp-content\/uploads\/2022\/09\/KINDER_JOM_TALENTIADA-story-news.jpg\" class=\"attachment-full size-full wp-image-4458\" alt=\"\" srcset=\"https:\/\/tenisowatalentiada.pl\/wp-content\/uploads\/2022\/09\/KINDER_JOM_TALENTIADA-story-news.jpg 1301w, https:\/\/tenisowatalentiada.pl\/wp-content\/uploads\/2022\/09\/KINDER_JOM_TALENTIADA-story-news-300x111.jpg 300w, https:\/\/tenisowatalentiada.pl\/wp-content\/uploads\/2022\/09\/KINDER_JOM_TALENTIADA-story-news-1024x378.jpg 1024w, https:\/\/tenisowatalentiada.pl\/wp-content\/uploads\/2022\/09\/KINDER_JOM_TALENTIADA-story-news-768x283.jpg 768w\" sizes=\"(max-width: 1301px) 100vw, 1301px\" \/>\t\t\t\t\t\t\t\t\t\t\t\t\t\t\t<\/div>\n\t\t\t\t<\/div>\n\t\t\t\t<div class=\"elementor-element elementor-element-74d91f elementor-widget elementor-widget-text-editor\" data-id=\"74d91f\" data-element_type=\"widget\" data-e-type=\"widget\" data-widget_type=\"text-editor.default\">\n\t\t\t\t<div class=\"elementor-widget-container\">\n\t\t\t\t\t\t\t\t\t<p><strong>To ju\u017c 20 lat? Poproszeni o \u201ekilka zda\u0144\u201d na temat pocz\u0105tk\u00f3w i rozwoju Talentiady Tenisowej u\u015bwiadomili\u015bmy sobie, \u017ce rzeczywi\u015bcie min\u0119\u0142o ju\u017c 20 lat od pierwszych zawod\u00f3w og\u00f3lnopolskich. Jak do tego dosz\u0142o?<\/strong><\/p><p><strong>&#8211; GENEZA &#8211; <\/strong><\/p><p>Pierwsze przemy\u015blenia i koncepcje powsta\u0142y w 2001 roku.<\/p><p>M\u0142ody w\u00f3wczas asystent w Zak\u0142adzie Lekkiej Atletyki AWF w Poznaniu oraz Instruktor i wielki pasjonat tenisa Jacek Zieli\u0144ski (obecnie trener I klasy tenisa, profesor i prorektor tej Uczelni) zaobserwowa\u0142 pewne niezrozumienie i niech\u0119\u0107, a nawet krytyk\u0119 ze strony rodzic\u00f3w i dzia\u0142aczy, gdy w ramach trening\u00f3w tenisowych wprowadza\u0142 elementy lekkoatletyki czy gier zespo\u0142owych.<\/p><p>W odpowiedzi na jego rozterki przypomnia\u0142a mi si\u0119 wypowied\u017a jednego z wyk\u0142adowc\u00f3w zaj\u0119\u0107, kt\u00f3rych by\u0142em uczestnikiem w ramach dwuletniego studium trenerskiego w Essen w Niemczech. Brzmia\u0142a ona mniej wi\u0119cej tak: \u201eNa treningach \u0107wiczy si\u0119 to, co jest grane w zawodach \u2013 je\u017celi chcemy wp\u0142yn\u0105\u0107 na to, co i jak szkoleniowcy \u0107wicz\u0105 z dzie\u0107mi na treningach, to trzeba zmieni\u0107 program zawod\u00f3w.\u201d<\/p><p>Wtedy przypomnia\u0142y mi si\u0119 r\u00f3wnie\u017c zawody, kt\u00f3rych by\u0142em obserwatorem podczas pobyt\u00f3w tenisowych w Austrii i Niemczech. W ramach turnieju tenisowego do lat 10, kt\u00f3ry odbywa\u0142 si\u0119 w miejscowo\u015bci S\u00fcdstadt ko\u0142o Wiednia zauwa\u017cy\u0142em konkurencje sprawno\u015bciowe, mecze na mini korcie oraz pojedynki na korcie pe\u0142nowymiarowym. Z kolei w niemieckich zawodach \u201eTVN Talentiade\u201d widzia\u0142em mecze w unihokeja i pi\u0142k\u0119 no\u017cn\u0105 oraz gr\u0119 w boulle. Ponadto dzieci uczestniczy\u0142y w indywidualnym i dru\u017cynowym turnieju tenisowym oraz w trzech konkurencjach sprawno\u015bciowych: biegu gwia\u017adzistym, biegu biatlonowym oraz w jednej zespo\u0142owej konkurencji rzutno-chwytnej.<\/p><p>Wtedy te\u017c rozpocz\u0119li\u015bmy z Jackiem intensywne dyskusje na temat w\u0142asnego programu zawod\u00f3w tenisowych dla dzieci do lat 10, kt\u00f3ry b\u0119dzie uwzgl\u0119dnia\u0142 naukowe zalecenia odno\u015bnie tre\u015bci szkolenia dzieci w m\u0142odszym wieku szkolnym, a w szczeg\u00f3lno\u015bci:<\/p><ul><li>tre\u015bci realizowane w formie zabawowej, wywo\u0142uj\u0105ce u\u015bmiech i rado\u015b\u0107 dzieci,<\/li><li>konieczno\u015b\u0107 wszechstronnego rozwijania sprawno\u015bci,<\/li><li>nacisk na rozwijanie zdolno\u015bci szybko\u015bciowych i koordynacyjnych,<\/li><li>potrzeb\u0119 stosowania gier zespo\u0142owych, jako uzupe\u0142niaj\u0105cych wobec tenisa,<\/li><li>rozwijanie umiej\u0119tno\u015bci wsp\u00f3\u0142pracy i wsp\u00f3\u0142dzia\u0142ania w grupie.<\/li><\/ul><p>Efektem tych prac by\u0142o skonstruowanie programu o charakterze dru\u017cynowego wieloboju dla tenisist\u00f3w, obejmuj\u0105cego cztery grupy konkurencji:<\/p><ul><li>sprawno\u015bciowe,<\/li><li>gry dru\u017cynowe,<\/li><li>gry paratenisowe,<\/li><li>gry tenisowe.<\/li><\/ul><p>Program ten przeszed\u0142 nast\u0119pnie faz\u0119 pr\u00f3b i test\u00f3w.<\/p><p><strong>&#8211; OD TALENTIADY PR\u00d3BNEJ DO OG\u00d3LNOPOLSKIEJ &#8211; <\/strong><\/p><p>Po wst\u0119pnej weryfikacji konkurencji i gier talentiadowych w ramach trening\u00f3w prowadzonych przez Zieli\u0144skiego z dzie\u0107mi w klubie GSM Posnania (niestety nie istniej\u0105cym ju\u017c obecnie), w grudniu 2001 roku przyszed\u0142 czas na pr\u00f3bne zawody w hali tenisowej P. Gradysa i M. \u0141uczaka w Z\u0142otnikach ko\u0142o Poznania. W ich trakcie uda\u0142o si\u0119 r\u00f3wnie\u017c zebra\u0107 materia\u0142 filmowy, kt\u00f3ry ukaza\u0142 si\u0119 na kasecie wideo w styczniu 2002 roku. \u00a0<\/p><p>Z czasem, z pomoc\u0105 Telewizji Polskiej oraz z udzia\u0142em Angeliki Kerber i Katarzyny Piter powsta\u0142 profesjonalny film instrukta\u017cowy prezentuj\u0105cy program i za\u0142o\u017cenia Talentiady. Wydany zosta\u0142 on na p\u0142ycie DVD w nak\u0142adzie 5000 sztuk i sfinansowany w ca\u0142o\u015bci przez Ministerstwo Sportu i Turystyki.<\/p><p>Tabela 1. Kalendarium pocz\u0105tkowej fazy rozwoju Talentiady Tenisowej<\/p><table><tbody><tr><td width=\"37\"><p><strong>Lp.<\/strong><\/p><\/td><td width=\"132\"><p><strong>DATA<\/strong><\/p><\/td><td width=\"434\"><p><strong>WYDARZENIE<\/strong><\/p><\/td><\/tr><tr><td width=\"37\"><p>1.<\/p><\/td><td width=\"132\"><p>2001 rok\/ jesie\u0144<\/p><\/td><td width=\"434\"><p>Powstanie koncepcji Talentiady<\/p><\/td><\/tr><tr><td width=\"37\"><p>2.<\/p><\/td><td width=\"132\"><p>2001 rok\/ \u00a0grudzie\u0144<\/p><\/td><td width=\"434\"><p>Pr\u00f3bne zawody z udzia\u0142em dzieci trenuj\u0105cych w klubie Posnania Pozna\u0144<\/p><\/td><\/tr><tr><td width=\"37\"><p>3.<\/p><\/td><td width=\"132\"><p>2002 rok\/ \u00a0stycze\u0144<\/p><\/td><td width=\"434\"><p>Film szkoleniowy Talentiada\u201910<\/p><\/td><\/tr><tr><td width=\"37\"><p>4.<\/p><\/td><td width=\"132\"><p>2002 rok\/ lato<\/p><\/td><td width=\"434\"><p>Talentiada regionalna z udzia\u0142em dzieci z klub\u00f3w pozna\u0144skich<\/p><\/td><\/tr><tr><td width=\"37\"><p>5.<\/p><\/td><td width=\"132\"><p>2002 rok\/ wrzesie\u0144<\/p><\/td><td width=\"434\"><p>Prezentacja Talentiady w ramach Kursokonferencji PZT \u201eMini tenis pierwszym krokiem w tenisie\u201d w Bydgoszczy<\/p><\/td><\/tr><tr><td width=\"37\"><p>6.<\/p><\/td><td width=\"132\"><p>2002 rok\/ lato- jesie\u0144<\/p><\/td><td width=\"434\"><p>Szkolenia przeprowadzone w wybranych klubach: Legnica, Kielce, Radom, Stalowa Wola, Warszawa, Gdynia, Sopot, Szczecin, \u0141\u00f3d\u017a<\/p><\/td><\/tr><tr><td width=\"37\"><p><strong>7.<\/strong><\/p><\/td><td width=\"132\"><p><strong>2003 rok <\/strong><\/p><p><strong>14-15 czerwca <\/strong><\/p><\/td><td width=\"434\"><p><strong>I Og\u00f3lnopolska Talentiada Tenisowa z udzia\u0142em zaproszonych\u00a0 wiod\u0105cych polskich klub\u00f3w w Poznaniu, na kortach Posnani Pozna\u0144<\/strong><\/p><\/td><\/tr><tr><td width=\"37\"><p>8.<\/p><\/td><td width=\"132\"><p>2003 rok\/ \u00a0pa\u017adziernik<\/p><\/td><td width=\"434\"><p>Podr\u0119cznik szkoleniowy: \u201eTalentiada. Nowa formu\u0142a zawod\u00f3w tenisowych dla dzieci do lat 10\u201d<\/p><\/td><\/tr><tr><td width=\"37\"><p>9.<\/p><\/td><td width=\"132\"><p>2009 rok\/ \u00a0listopad<\/p><\/td><td width=\"434\"><p>Film instrukta\u017cowy\u00a0 Puszczykowo z udzia\u0142em A. Kerber, K. Piter w nak\u0142adzie 5000 sztuk sfinansowany przez MSiT<\/p><\/td><\/tr><tr><td width=\"37\"><p>10.<\/p><\/td><td width=\"132\"><p>2005 rok\/ \u00a0kwiecie\u0144<\/p><\/td><td width=\"434\"><p>Prezentacja Talentiady podczas XI Og\u00f3lnopolskiego Sympozjum Trener\u00f3w Tenisa w Poznaniu, w obecno\u015bci s\u0142ynnego niemieckiego trenera i wyk\u0142adowcy Richarda Sch\u00f6nborna<\/p><\/td><\/tr><\/tbody><\/table><p>Nast\u0119pnie, latem 2002 roku przyszed\u0142 czas na Talentiad\u0119 o zasi\u0119gu regionalnym, w kt\u00f3rej wzi\u0119\u0142y udzia\u0142 zespo\u0142y z Poznania i okolic. I wreszcie w 2003 roku odby\u0142a si\u0119 I Og\u00f3lnopolska Talentiada Tenisowa, w kt\u00f3rej uczestniczy\u0142o 16 zaproszonych, czo\u0142owych klub\u00f3w z ca\u0142ej Polski. Przy okazji warto wspomnie\u0107, \u017ce we wszystkich dotychczasowych 20 edycjach Talentiady wzi\u0119\u0142y udzia\u0142 nast\u0119puj\u0105ce kluby: AZS Pozna\u0144, Return Radom\/AT Masters Radom, UKS Gemik Kielce.<\/p><p><strong>&#8211; LUDZIE &#8211; <\/strong><\/p><p>Opr\u00f3cz autor\u00f3w koncepcji Talentiady, pracownik\u00f3w AWF w Poznaniu, trener\u00f3w Tomasza Schefke oraz Jacka Zieli\u0144skiego, do niew\u0105tpliwego sukcesu jakim jest dwadzie\u015bcia kolejnych edycji tej imprezy przyczyni\u0142o si\u0119 wiele os\u00f3b. Do\u015b\u0107 szybko uda\u0142o si\u0119 przekona\u0107 do tego projektu Tomasza P\u00f3\u0142grabskiego, pod\u00f3wczas podsekretarza stanu w Ministerstwie Edukacji Narodowej i Sportu, co oznacza\u0142o istotne wsparcie organizacyjne i finansowe ze strony tej instytucji. Od pocz\u0105tku wielk\u0105 zwolenniczk\u0105, dobrym duchem i motorem nap\u0119dowym Talentiady w Polskim Zwi\u0105zku Tenisowym by\u0142a Agnieszka Dziedzic. Pozytywn\u0105 recenzj\u0119, zamieszczon\u0105 nast\u0119pnie we wst\u0119pie do podr\u0119cznika Talentiady, napisa\u0142 dr Adam Kr\u00f3lak z warszawskiej AWF. Inicjatyw\u0119 wielokrotnie wspiera\u0142 swoim autorytetem i decyzjami wiceprezes ds. sportowych, a nast\u0119pnie prezes Polskiego Zwi\u0105zku Tenisowego Jacek Muzolf.<\/p><p>Bardzo istotn\u0105 rol\u0119 w popularyzacji Talentiady odegrali dzia\u0142aj\u0105cy z ramienia Polskiego Zwi\u0105zku Tenisowego koordynatorzy: koordynator g\u0142\u00f3wny Jacek Zieli\u0144ski oraz koordynatorzy regionalni: Magdalena Lelonek, Tomasz Urbanek, Patrycja Horszty\u0144ska, Rafa\u0142 Chrzanowski, Marta Kurzacz, Maciej \u015alusarczyk, Jan Pajor, Agnieszka Babicka.<\/p><p>W protoko\u0142ach Talentiady przez tych 20 lat przewin\u0119\u0142o si\u0119 wiele znacz\u0105cych p\u00f3\u017aniej w polskim tenisie postaci, m.in. Katarzyna Piter, Magda Linette, Wiktoria Rutkowska, Anna Hertel, Pawe\u0142 Cia\u015b, Kamil Gajewski, Piotr Matuszewski, Maja Chwali\u0144ska, Kacper \u017buk, Weronika Falkowska, Daniel Michalski, Gabriel i Lecitia \u00a0Matuszewski Zuzanna Kubacha, Julia Daroszewska, Borys i Goran Zgo\u0142a, Barbara Straszewska, Nadia Kulbiej, Mateusz Lange, Oliwia Sybicka, Aleksander B\u0142u\u015b \u00a0i wielu innych.<\/p><p>W charakterystyce os\u00f3b i instytucji zaanga\u017cowanych w rozw\u00f3j Talentiady nale\u017cy \u2013 i robimy to z wielk\u0105 przyjemno\u015bci\u0105 oraz wdzi\u0119czno\u015bci\u0105 \u2013 wspomnie\u0107 wsp\u00f3\u0142prac\u0119 z prezesem Jackiem Kseniem z Wielkopolskiego Banku Kredytowego (obecnie Santander Bank Polska), wieloletnim sponsorem Talentiady &#8211; The Walt Disney Company Polska, a tak\u017ce obecnym patronem &#8211; Grup\u0105 Ferrero, wspieraj\u0105c\u0105 Talentiad\u0119 Tenisow\u0105 w ramach swojego programu KINDER Joy of moving.<\/p><p><strong>&#8211; KIERUNKI ROZWOJU &#8211;<\/strong><\/p><p>Wydaje si\u0119, \u017ce og\u00f3lna koncepcja Talentiady Tenisowej sprawdzi\u0142a si\u0119. Szczeg\u00f3lnie cz\u0119sto podkre\u015blany jest integruj\u0105cy dzieci i trener\u00f3w, a zwykle tak\u017ce i rodzic\u00f3w, dru\u017cynowy charakter zawod\u00f3w. Du\u017co uroku podczas zawod\u00f3w wnosz\u0105 same dzieci, ubrane zwykle w jednolite stroje, pos\u0142uguj\u0105ce si\u0119 zabawnymi nazwami swoich dru\u017cyn, np. Lataj\u0105ce S\u0142onie, Diab\u0142y Tasma\u0144skie, Szalone rakiety, PobieDZIKI, Kurakaki, itp.<\/p><p>Pod wzgl\u0119dem sportowym i szkoleniowym Talentiada, czy te\u017c poszczeg\u00f3lne jej konkurencje, okazuj\u0105 si\u0119 czasami zbyt trudne lub przeciwnie \u2013 zbyt \u0142atwe dla uczestnik\u00f3w. Skutkuje to mi\u0119dzy innymi tym, \u017ce najlepsi 10-latkowie i ich opiekunowie traktuj\u0105 czasami t\u0119 imprez\u0119 jako \u201edziecinad\u0119\u201d i niech\u0119tnie w niej bior\u0105 udzia\u0142. Trudno\u015b\u0107 w odpowiednim doborze konkurencji wynika z du\u017cych r\u00f3\u017cnic w poziomie sprawno\u015bci og\u00f3lnej i specjalnej w\u015br\u00f3d 8-10 latk\u00f3w. Sk\u0142ania to Komisj\u0119 PZT odpowiedzialn\u0105 za t\u0105 kategori\u0119 wiekow\u0105 do r\u00f3\u017cnicowania programu Talentiady, w zale\u017cno\u015bci od wieku i szczebla rozgrywek \u2013 st\u0105d te\u017c plany wyodr\u0119bnienia Talentiady dla dzieci do lat 8, 10 i 12, a tak\u017ce coraz bardziej wyra\u017ane zmiany w programie zawod\u00f3w na kolejnych poziomach: eliminacji, p\u00f3\u0142fina\u0142\u00f3w i fina\u0142u.<\/p><p>Talentiada stanowi istotne wyzwanie dla organizator\u00f3w i s\u0119dzi\u00f3w. Niezale\u017cnie od potrzeby upraszczania i doskonalenia przepis\u00f3w oraz rozwi\u0105za\u0144 organizacyjnych, warto jednak ten wysi\u0142ek mened\u017cerski podejmowa\u0107, ze wzgl\u0119du na znacz\u0105ce walory szkoleniowe i emocjonalne tej imprezy.<\/p><p style=\"text-align: right;\">\u00a0\u00a0\u00a0\u00a0\u00a0\u00a0\u00a0\u00a0\u00a0\u00a0\u00a0\u00a0\u00a0\u00a0\u00a0\u00a0\u00a0\u00a0\u00a0\u00a0\u00a0\u00a0\u00a0\u00a0\u00a0\u00a0\u00a0\u00a0\u00a0\u00a0\u00a0\u00a0\u00a0\u00a0\u00a0\u00a0\u00a0\u00a0\u00a0\u00a0\u00a0\u00a0\u00a0\u00a0\u00a0\u00a0\u00a0\u00a0\u00a0\u00a0\u00a0\u00a0\u00a0\u00a0\u00a0\u00a0\u00a0\u00a0\u00a0\u00a0\u00a0\u00a0\u00a0\u00a0\u00a0\u00a0\u00a0\u00a0\u00a0\u00a0\u00a0\u00a0\u00a0\u00a0\u00a0\u00a0\u00a0\u00a0\u00a0\u00a0\u00a0\u00a0\u00a0\u00a0\u00a0\u00a0\u00a0\u00a0\u00a0\u00a0\u00a0\u00a0\u00a0 Z \u00a0tenisowym pozdrowieniem<\/p><p style=\"text-align: right;\">Jacek Zieli\u0144ski<br \/>Prof. dr hab. Akademii Wychowania Fizycznego w Poznaniu<\/p><p style=\"text-align: right;\">Tomasz Schefke<br \/>dr Akademii Wychowania Fizycznego w Poznaniu<\/p>\t\t\t\t\t\t\t\t<\/div>\n\t\t\t\t<\/div>\n\t\t\t\t<section class=\"elementor-section elementor-inner-section elementor-element elementor-element-4cb90ed elementor-section-boxed elementor-section-height-default elementor-section-height-default\" data-id=\"4cb90ed\" data-element_type=\"section\" data-e-type=\"section\">\n\t\t\t\t\t\t<div class=\"elementor-container elementor-column-gap-default\">\n\t\t\t\t\t<div class=\"elementor-column elementor-col-100 elementor-inner-column elementor-element elementor-element-ea79094\" data-id=\"ea79094\" data-element_type=\"column\" data-e-type=\"column\">\n\t\t\t<div class=\"elementor-widget-wrap\">\n\t\t\t\t\t\t\t<\/div>\n\t\t<\/div>\n\t\t\t\t\t<\/div>\n\t\t<\/section>\n\t\t\t\t\t<\/div>\n\t\t<\/div>\n\t\t\t\t\t<\/div>\n\t\t<\/section>\n\t\t\t\t<\/div>","protected":false},"excerpt":{"rendered":"<p>Wrzesie\u0144, 14Historia Tenisowej Talentiady opisana przez jej tw\u00f3rc\u00f3w To ju\u017c 20 lat? Poproszeni o \u201ekilka zda\u0144\u201d na temat pocz\u0105tk\u00f3w i rozwoju Talentiady Tenisowej u\u015bwiadomili\u015bmy sobie, \u017ce rzeczywi\u015bcie min\u0119\u0142o ju\u017c 20 lat od pierwszych zawod\u00f3w og\u00f3lnopolskich. Jak do tego dosz\u0142o? &#8211; GENEZA &#8211; Pierwsze przemy\u015blenia i koncepcje powsta\u0142y w 2001 roku. M\u0142ody w\u00f3wczas asystent w Zak\u0142adzie [&hellip;]<\/p>","protected":false},"author":1,"featured_media":4459,"comment_status":"closed","ping_status":"closed","sticky":false,"template":"","format":"standard","meta":{"site-sidebar-layout":"default","site-content-layout":"content-boxed-container","ast-site-content-layout":"normal-width-container","site-content-style":"boxed","site-sidebar-style":"unboxed","ast-global-header-display":"","ast-banner-title-visibility":"","ast-main-header-display":"","ast-hfb-above-header-display":"","ast-hfb-below-header-display":"","ast-hfb-mobile-header-display":"","site-post-title":"disabled","ast-breadcrumbs-content":"","ast-featured-img":"disabled","footer-sml-layout":"","ast-disable-related-posts":"","theme-transparent-header-meta":"default","adv-header-id-meta":"","stick-header-meta":"","header-above-stick-meta":"","header-main-stick-meta":"","header-below-stick-meta":"","astra-migrate-meta-layouts":"set","ast-page-background-enabled":"default","ast-page-background-meta":{"desktop":{"background-color":"","background-image":"","background-repeat":"repeat","background-position":"center center","background-size":"auto","background-attachment":"scroll","background-type":"","background-media":"","overlay-type":"","overlay-color":"","overlay-opacity":"","overlay-gradient":""},"tablet":{"background-color":"","background-image":"","background-repeat":"repeat","background-position":"center center","background-size":"auto","background-attachment":"scroll","background-type":"","background-media":"","overlay-type":"","overlay-color":"","overlay-opacity":"","overlay-gradient":""},"mobile":{"background-color":"","background-image":"","background-repeat":"repeat","background-position":"center center","background-size":"auto","background-attachment":"scroll","background-type":"","background-media":"","overlay-type":"","overlay-color":"","overlay-opacity":"","overlay-gradient":""}},"ast-content-background-meta":{"desktop":{"background-color":"var(--ast-global-color-5)","background-image":"","background-repeat":"repeat","background-position":"center center","background-size":"auto","background-attachment":"scroll","background-type":"","background-media":"","overlay-type":"","overlay-color":"","overlay-opacity":"","overlay-gradient":""},"tablet":{"background-color":"var(--ast-global-color-5)","background-image":"","background-repeat":"repeat","background-position":"center center","background-size":"auto","background-attachment":"scroll","background-type":"","background-media":"","overlay-type":"","overlay-color":"","overlay-opacity":"","overlay-gradient":""},"mobile":{"background-color":"var(--ast-global-color-5)","background-image":"","background-repeat":"repeat","background-position":"center center","background-size":"auto","background-attachment":"scroll","background-type":"","background-media":"","overlay-type":"","overlay-color":"","overlay-opacity":"","overlay-gradient":""}},"footnotes":""},"categories":[1],"tags":[],"class_list":["post-4453","post","type-post","status-publish","format-standard","has-post-thumbnail","hentry","category-bez-kategorii"],"aioseo_notices":[],"_links":{"self":[{"href":"https:\/\/tenisowatalentiada.pl\/en\/wp-json\/wp\/v2\/posts\/4453","targetHints":{"allow":["GET"]}}],"collection":[{"href":"https:\/\/tenisowatalentiada.pl\/en\/wp-json\/wp\/v2\/posts"}],"about":[{"href":"https:\/\/tenisowatalentiada.pl\/en\/wp-json\/wp\/v2\/types\/post"}],"author":[{"embeddable":true,"href":"https:\/\/tenisowatalentiada.pl\/en\/wp-json\/wp\/v2\/users\/1"}],"replies":[{"embeddable":true,"href":"https:\/\/tenisowatalentiada.pl\/en\/wp-json\/wp\/v2\/comments?post=4453"}],"version-history":[{"count":8,"href":"https:\/\/tenisowatalentiada.pl\/en\/wp-json\/wp\/v2\/posts\/4453\/revisions"}],"predecessor-version":[{"id":6820,"href":"https:\/\/tenisowatalentiada.pl\/en\/wp-json\/wp\/v2\/posts\/4453\/revisions\/6820"}],"wp:featuredmedia":[{"embeddable":true,"href":"https:\/\/tenisowatalentiada.pl\/en\/wp-json\/wp\/v2\/media\/4459"}],"wp:attachment":[{"href":"https:\/\/tenisowatalentiada.pl\/en\/wp-json\/wp\/v2\/media?parent=4453"}],"wp:term":[{"taxonomy":"category","embeddable":true,"href":"https:\/\/tenisowatalentiada.pl\/en\/wp-json\/wp\/v2\/categories?post=4453"},{"taxonomy":"post_tag","embeddable":true,"href":"https:\/\/tenisowatalentiada.pl\/en\/wp-json\/wp\/v2\/tags?post=4453"}],"curies":[{"name":"wp","href":"https:\/\/api.w.org\/{rel}","templated":true}]}}