{"id":4772,"date":"2022-09-21T13:01:25","date_gmt":"2022-09-21T11:01:25","guid":{"rendered":"https:\/\/tenisowatalentiada.pl\/?p=4772"},"modified":"2024-09-03T11:05:18","modified_gmt":"2024-09-03T09:05:18","slug":"wielkie-brawa-dla-asow-parku-tenisowego-olimpia","status":"publish","type":"post","link":"https:\/\/tenisowatalentiada.pl\/en\/wielkie-brawa-dla-asow-parku-tenisowego-olimpia\/","title":{"rendered":"Wielkie brawa dla As\u00f3w Parku Tenisowego Olimpia!"},"content":{"rendered":"<div data-elementor-type=\"wp-post\" data-elementor-id=\"4772\" class=\"elementor elementor-4772\" data-elementor-post-type=\"post\">\n\t\t\t\t\t\t<section class=\"elementor-section elementor-top-section elementor-element elementor-element-195e9d2d elementor-section-full_width elementor-section-height-default elementor-section-height-default\" data-id=\"195e9d2d\" data-element_type=\"section\" data-e-type=\"section\">\n\t\t\t\t\t\t<div class=\"elementor-container elementor-column-gap-no\">\n\t\t\t\t\t<div class=\"elementor-column elementor-col-100 elementor-top-column elementor-element elementor-element-54aaae6a\" data-id=\"54aaae6a\" data-element_type=\"column\" data-e-type=\"column\">\n\t\t\t<div class=\"elementor-widget-wrap elementor-element-populated\">\n\t\t\t\t\t\t<div class=\"elementor-element elementor-element-709a859 elementor-widget elementor-widget-text-editor\" data-id=\"709a859\" data-element_type=\"widget\" data-e-type=\"widget\" data-widget_type=\"text-editor.default\">\n\t\t\t\t<div class=\"elementor-widget-container\">\n\t\t\t\t\t\t\t\t\t<p>Wrzesie\u0144, 21<br \/><span style=\"background-color: var(--ast-global-color-5); font-size: 24px; font-style: inherit; font-weight: 600;\">Wielkie brawa dla As\u00f3w Parku Tenisowego Olimpia!<br \/><\/span><\/p>\t\t\t\t\t\t\t\t<\/div>\n\t\t\t\t<\/div>\n\t\t\t\t<div class=\"elementor-element elementor-element-1d13af4 elementor-widget elementor-widget-image\" data-id=\"1d13af4\" data-element_type=\"widget\" data-e-type=\"widget\" data-widget_type=\"image.default\">\n\t\t\t\t<div class=\"elementor-widget-container\">\n\t\t\t\t\t\t\t\t\t\t\t\t\t\t\t<img fetchpriority=\"high\" decoding=\"async\" width=\"1301\" height=\"480\" src=\"https:\/\/tenisowatalentiada.pl\/wp-content\/uploads\/2022\/09\/KINDER_JOM_TALENTIADA-2022_21a.png\" class=\"attachment-full size-full wp-image-4775\" alt=\"\" srcset=\"https:\/\/tenisowatalentiada.pl\/wp-content\/uploads\/2022\/09\/KINDER_JOM_TALENTIADA-2022_21a.png 1301w, https:\/\/tenisowatalentiada.pl\/wp-content\/uploads\/2022\/09\/KINDER_JOM_TALENTIADA-2022_21a-300x111.png 300w, https:\/\/tenisowatalentiada.pl\/wp-content\/uploads\/2022\/09\/KINDER_JOM_TALENTIADA-2022_21a-1024x378.png 1024w, https:\/\/tenisowatalentiada.pl\/wp-content\/uploads\/2022\/09\/KINDER_JOM_TALENTIADA-2022_21a-768x283.png 768w\" sizes=\"(max-width: 1301px) 100vw, 1301px\" \/>\t\t\t\t\t\t\t\t\t\t\t\t\t\t\t<\/div>\n\t\t\t\t<\/div>\n\t\t\t\t<div class=\"elementor-element elementor-element-74d91f elementor-widget elementor-widget-text-editor\" data-id=\"74d91f\" data-element_type=\"widget\" data-e-type=\"widget\" data-widget_type=\"text-editor.default\">\n\t\t\t\t<div class=\"elementor-widget-container\">\n\t\t\t\t\t\t\t\t\t<p><strong>Zwyci\u0119zcami tegorocznej edycji dru\u017cynowych rozgrywek KINDER Joy of moving Tenisowa Talentiada 2022 zosta\u0142 zesp\u00f3\u0142 z Poznania &#8211; Asy Parku Tenisowego Olimpia! <\/strong><\/p><p><strong>Jakie emocje towarzyszy\u0142y im w czasie przygotowa\u0144 oraz samych rozgrywek?<br \/><\/strong><strong style=\"font-style: inherit; background-color: var(--ast-global-color-5);\">Co najbardziej podoba\u0142o si\u0119 zawodniczkom oraz zawodnikom?<\/strong><\/p>\t\t\t\t\t\t\t\t<\/div>\n\t\t\t\t<\/div>\n\t\t\t\t\t<\/div>\n\t\t<\/div>\n\t\t\t\t\t<\/div>\n\t\t<\/section>\n\t\t\t\t<section class=\"elementor-section elementor-top-section elementor-element elementor-element-8a50bd3 elementor-section-boxed elementor-section-height-default elementor-section-height-default\" data-id=\"8a50bd3\" data-element_type=\"section\" data-e-type=\"section\">\n\t\t\t\t\t\t<div class=\"elementor-container elementor-column-gap-default\">\n\t\t\t\t\t<div class=\"elementor-column elementor-col-50 elementor-top-column elementor-element elementor-element-a9c4659\" data-id=\"a9c4659\" data-element_type=\"column\" data-e-type=\"column\">\n\t\t\t<div class=\"elementor-widget-wrap elementor-element-populated\">\n\t\t\t\t\t\t<div class=\"elementor-element elementor-element-4a939b2 elementor-widget elementor-widget-image\" data-id=\"4a939b2\" data-element_type=\"widget\" data-e-type=\"widget\" data-widget_type=\"image.default\">\n\t\t\t\t<div class=\"elementor-widget-container\">\n\t\t\t\t\t\t\t\t\t\t\t\t\t\t\t<img decoding=\"async\" width=\"454\" height=\"604\" src=\"https:\/\/tenisowatalentiada.pl\/wp-content\/uploads\/2022\/09\/Bez-tytulu.png\" class=\"attachment-large size-large wp-image-4776\" alt=\"\" srcset=\"https:\/\/tenisowatalentiada.pl\/wp-content\/uploads\/2022\/09\/Bez-tytulu.png 454w, https:\/\/tenisowatalentiada.pl\/wp-content\/uploads\/2022\/09\/Bez-tytulu-225x300.png 225w\" sizes=\"(max-width: 454px) 100vw, 454px\" \/>\t\t\t\t\t\t\t\t\t\t\t\t\t\t\t<\/div>\n\t\t\t\t<\/div>\n\t\t\t\t\t<\/div>\n\t\t<\/div>\n\t\t\t\t<div class=\"elementor-column elementor-col-50 elementor-top-column elementor-element elementor-element-bc1c92b\" data-id=\"bc1c92b\" data-element_type=\"column\" data-e-type=\"column\">\n\t\t\t<div class=\"elementor-widget-wrap elementor-element-populated\">\n\t\t\t\t\t\t<div class=\"elementor-element elementor-element-96153d7 elementor-widget elementor-widget-text-editor\" data-id=\"96153d7\" data-element_type=\"widget\" data-e-type=\"widget\" data-widget_type=\"text-editor.default\">\n\t\t\t\t<div class=\"elementor-widget-container\">\n\t\t\t\t\t\t\t\t\t<p><em>Jestem bardzo zadowolony z wyst\u0119pu zawodnik\u00f3w naszego Klubu! Awans dw\u00f3ch dru\u017cyn do Wielkiego Fina\u0142u KINDER Joy of moving Tenisowej Talentiady ju\u017c stanowi\u0142 dla nas pow\u00f3d do dumy, ale zwyci\u0119stwo \u201eAs\u00f3w\u201d i 5 miejsce \u201eSkr\u00f3t\u00f3w\u201d (druga dru\u017cyna dru\u017cyny z Poznania) \u2013 w rozgrywkach, w kt\u00f3rych startowa\u0142o w sumie 140 dru\u017cyn to naprawd\u0119 wielkie osi\u0105gni\u0119cie!<br \/><\/em><em style=\"font-weight: inherit; background-color: var(--ast-global-color-5);\"><br \/>Zaanga\u017cowanie dzieci, rodzic\u00f3w i ca\u0142ego teamu trenerskiego podczas przygotowa\u0144 da\u0142y fenomenalny efekt. Najwi\u0119kszym wyzwaniem dla naszych zawodnik\u00f3w by\u0142y gry zespo\u0142owe, a najmocniejsz\u0105 stron\u0105 gry tenisowe. Czuj\u0119 du\u017c\u0105 satysfakcj\u0119, \u017ce zar\u00f3wno podczas p\u00f3\u0142fina\u0142\u00f3w, jak i Wielkiego Fina\u0142u Talentiady nasze dwie dru\u017cyny spotka\u0142y si\u0119 w finale gier tenisowych! \u015awiadczy to o du\u017cych umiej\u0119tno\u015bciach naszych ma\u0142ych zawodnik\u00f3w i dobrej, ca\u0142orocznej pracy sztabu trenerskiego Klubu. Ciesz\u0119 si\u0119, \u017ce wraz z Trenerem Mi\u0142oszem Pokrzywniakiem i Trenerk\u0105 Karolin\u0105 Dorawsk\u0105 mieli\u015bmy ten przywilej i przyjemno\u015b\u0107 poprowadzi\u0107 nasze klubowe dru\u017cyny w rozgrywkach Talentiady i tym samym chcia\u0142em te\u017c podzi\u0119kowa\u0107 i pogratulowa\u0107 pozosta\u0142ym trenerom, kt\u00f3rzy mieli wk\u0142ad w rozw\u00f3j naszej dru\u017cyny.<\/em><\/p><p><em>Wierz\u0119, \u017ce nasi mali zawodnicy poza wspania\u0142ym rezultatem sportowym, mi\u0142o sp\u0119dzili czas i wzmocnili swoj\u0105 motywacj\u0119 do dalszego rozwoju sportowego! <\/em>\u2013 m\u00f3wi\u00a0 <span style=\"color: #00aeef;\"><strong>Rafa\u0142 Soi\u0144ski, trener i kapitan zwyci\u0119skiej dru\u017cyny As\u00f3w Parku Tenisowego Olimpia<\/strong><\/span><\/p>\t\t\t\t\t\t\t\t<\/div>\n\t\t\t\t<\/div>\n\t\t\t\t\t<\/div>\n\t\t<\/div>\n\t\t\t\t\t<\/div>\n\t\t<\/section>\n\t\t\t\t<section class=\"elementor-section elementor-top-section elementor-element elementor-element-3d52061 elementor-section-boxed elementor-section-height-default elementor-section-height-default\" data-id=\"3d52061\" data-element_type=\"section\" data-e-type=\"section\">\n\t\t\t\t\t\t<div class=\"elementor-container elementor-column-gap-default\">\n\t\t\t\t\t<div class=\"elementor-column elementor-col-100 elementor-top-column elementor-element elementor-element-ee0456e\" data-id=\"ee0456e\" data-element_type=\"column\" data-e-type=\"column\">\n\t\t\t<div class=\"elementor-widget-wrap elementor-element-populated\">\n\t\t\t\t\t\t<div class=\"elementor-element elementor-element-a7bbfe5 elementor-widget elementor-widget-text-editor\" data-id=\"a7bbfe5\" data-element_type=\"widget\" data-e-type=\"widget\" data-widget_type=\"text-editor.default\">\n\t\t\t\t<div class=\"elementor-widget-container\">\n\t\t\t\t\t\t\t\t\t<p><em>Najbardziej na Talentiadzie podoba\u0142o mi si\u0119 to, \u017ce grali\u015bmy w zespo\u0142ach. By\u0142y te\u017c super nagrody i fajne konkurencje. Najbardziej polubi\u0142em gr\u0119 systemem ping-pongowym na dwa kara oraz \u201esiatk\u00f3wk\u0119\u201d. \u015awietna by\u0142a te\u017c strefa zabaw, w kt\u00f3rej sp\u0119dza\u0142em czas pomi\u0119dzy meczami! \u2013\u00a0<\/em>powiedzia\u0142\u00a0<span style=\"color: #00aeef;\"><strong>Ignacy Wilczy\u0144ski, zawodnik dru\u017cyny As\u00f3w Parku Tenisowego Olimpia<\/strong><\/span><\/p><p><em>Podczas Talentiady podoba\u0142o mi si\u0119 to, \u017ce ka\u017cdy z mojej dru\u017cyny kibicowa\u0142 sobie nawzajem. Bardzo fajne by\u0142y konkurencje sprawno\u015bciowe. Dla mnie najlepszy by\u0142 bieg na 20 metr\u00f3w. Bardzo lubi\u0142am deble, bo mogli\u015bmy si\u0119 nawzajem wspiera\u0107 z moim partnerem deblowym w czasie gry z przeciwnikami. Najbardziej ze wszystkiego cieszy\u0142am si\u0119 i nadal ciesz\u0119 si\u0119 z tego, \u017ce po 3 tygodniach dodatkowych trening\u00f3w i trudnych konkurencji zdoby\u0142am z moimi kole\u017cankami i kolegami klubowymi 1 miejsce i to w\u0142a\u015bnie zapami\u0119tam na d\u0142ugo!<\/em>\u00a0\u2013 doda\u0142a\u00a0<b><span style=\"color: #00aeef;\">Natasza \u0141ukaszewicz, zawodniczka dru\u017cyny As\u00f3w Parku Tenisowego Olimpia<\/span><br \/><\/b><span style=\"background-color: var(--ast-global-color-5);\"><b><br \/><\/b><i style=\"font-weight: inherit;\">Zwyci\u0119stwo w KINDER Joy of moving Tenisowej Talentiadzie to dla naszego Klubu taka \u201ewisie\u0144ka na torcie\u201d, poniewa\u017c du\u017co serca wk\u0142adamy w rozw\u00f3j najm\u0142odszych tenisist\u00f3w. Od wielu lat znajduje to odzwierciedlenie w konkursie PZT \u201eKlub Roku Tenis 10\u201d, ale w Talentiadzie zwyci\u0119\u017cyli\u015bmy po raz pierwszy! Tym bardziej cieszy nas fakt, \u017ce ten historyczny dla nas moment, przypad\u0142 na tak presti\u017cow\u0105 edycj\u0119 Tenisowej Talentiady (przyp. Talentiada obchodzi w tym roku 20-lecie).<\/i><\/span><\/p><p><em>Bardzo si\u0119 ciesz\u0119, \u017ce program KIDNER Joy of moving obj\u0105\u0142 patronatem projekt Talentiady, bo odk\u0105d impreza ta ma tak wspania\u0142\u0105 opraw\u0119, to jej ranga wyra\u017anie wzrasta! Poza kolorow\u0105 opraw\u0105, warto\u015bciowymi nagrodami, \u015bwietnym pomys\u0142em jest te\u017c strefa zabaw dla dzieci. Dzi\u0119ki temu zawodnicy, kt\u00f3rzy ju\u017c zako\u0144czyli rywalizacj\u0119 mog\u0105 z kolegami i kole\u017cankami \u2013 tak\u017ce z innych dru\u017cyn \u2013 mi\u0142o sp\u0119dzi\u0107 czas. Gratulacje dla Paw\u0142a Marciszewskiego za poprowadzenie ca\u0142ej imprezy, Polskiemu Zwi\u0105zkowi Tenisowemu i Agnieszce Dziedzic za czuwanie nad ka\u017cdym detalem i kultywowanie tych wyj\u0105tkowych rozgrywek. Specjalne podzi\u0119kowania r\u00f3wnie\u017c dla dra Tomasza Schefke, kt\u00f3rego \u201edzie\u0142o\u201d przetrwa\u0142o tyle lat i nadal ma si\u0119 dobrze.\u00a0<\/em>\u2013 podsumowuje <span style=\"color: #00aeef;\"><strong>Ewelina Sterczewska, manager Parku Tenisowego Olimpia w Poznaniu<\/strong><\/span><\/p><p><span style=\"color: #00aeef;\"><strong><em>DZI\u0118KUJEMY ZA PODZIELENIE SI\u0118 Z NAMI TAK POZYTYWNYM FEEDBACKIEM, KT\u00d3RY DAJE NAM DODATKOW\u0104 ENERGI\u0118 DO DZIA\u0141ANIA I PLANOWANIA KOLEJNEJ EDYCJI KINDER JOY OF MOVING TENISOWEJ TALENTIADY 2023<\/em><\/strong><\/span><\/p>\t\t\t\t\t\t\t\t<\/div>\n\t\t\t\t<\/div>\n\t\t\t\t\t<\/div>\n\t\t<\/div>\n\t\t\t\t\t<\/div>\n\t\t<\/section>\n\t\t\t\t<\/div>","protected":false},"excerpt":{"rendered":"<p>Wrzesie\u0144, 21Wielkie brawa dla As\u00f3w Parku Tenisowego Olimpia! Zwyci\u0119zcami tegorocznej edycji dru\u017cynowych rozgrywek KINDER Joy of moving Tenisowa Talentiada 2022 zosta\u0142 zesp\u00f3\u0142 z Poznania &#8211; Asy Parku Tenisowego Olimpia! Jakie emocje towarzyszy\u0142y im w czasie przygotowa\u0144 oraz samych rozgrywek?Co najbardziej podoba\u0142o si\u0119 zawodniczkom oraz zawodnikom? Jestem bardzo zadowolony z wyst\u0119pu zawodnik\u00f3w naszego Klubu! Awans dw\u00f3ch [&hellip;]<\/p>","protected":false},"author":1,"featured_media":4774,"comment_status":"closed","ping_status":"closed","sticky":false,"template":"","format":"standard","meta":{"site-sidebar-layout":"default","site-content-layout":"content-boxed-container","ast-site-content-layout":"normal-width-container","site-content-style":"boxed","site-sidebar-style":"unboxed","ast-global-header-display":"","ast-banner-title-visibility":"","ast-main-header-display":"","ast-hfb-above-header-display":"","ast-hfb-below-header-display":"","ast-hfb-mobile-header-display":"","site-post-title":"disabled","ast-breadcrumbs-content":"","ast-featured-img":"disabled","footer-sml-layout":"","ast-disable-related-posts":"","theme-transparent-header-meta":"default","adv-header-id-meta":"","stick-header-meta":"","header-above-stick-meta":"","header-main-stick-meta":"","header-below-stick-meta":"","astra-migrate-meta-layouts":"set","ast-page-background-enabled":"default","ast-page-background-meta":{"desktop":{"background-color":"","background-image":"","background-repeat":"repeat","background-position":"center center","background-size":"auto","background-attachment":"scroll","background-type":"","background-media":"","overlay-type":"","overlay-color":"","overlay-opacity":"","overlay-gradient":""},"tablet":{"background-color":"","background-image":"","background-repeat":"repeat","background-position":"center center","background-size":"auto","background-attachment":"scroll","background-type":"","background-media":"","overlay-type":"","overlay-color":"","overlay-opacity":"","overlay-gradient":""},"mobile":{"background-color":"","background-image":"","background-repeat":"repeat","background-position":"center center","background-size":"auto","background-attachment":"scroll","background-type":"","background-media":"","overlay-type":"","overlay-color":"","overlay-opacity":"","overlay-gradient":""}},"ast-content-background-meta":{"desktop":{"background-color":"var(--ast-global-color-5)","background-image":"","background-repeat":"repeat","background-position":"center center","background-size":"auto","background-attachment":"scroll","background-type":"","background-media":"","overlay-type":"","overlay-color":"","overlay-opacity":"","overlay-gradient":""},"tablet":{"background-color":"var(--ast-global-color-5)","background-image":"","background-repeat":"repeat","background-position":"center center","background-size":"auto","background-attachment":"scroll","background-type":"","background-media":"","overlay-type":"","overlay-color":"","overlay-opacity":"","overlay-gradient":""},"mobile":{"background-color":"var(--ast-global-color-5)","background-image":"","background-repeat":"repeat","background-position":"center center","background-size":"auto","background-attachment":"scroll","background-type":"","background-media":"","overlay-type":"","overlay-color":"","overlay-opacity":"","overlay-gradient":""}},"footnotes":""},"categories":[1],"tags":[],"class_list":["post-4772","post","type-post","status-publish","format-standard","has-post-thumbnail","hentry","category-bez-kategorii"],"aioseo_notices":[],"_links":{"self":[{"href":"https:\/\/tenisowatalentiada.pl\/en\/wp-json\/wp\/v2\/posts\/4772","targetHints":{"allow":["GET"]}}],"collection":[{"href":"https:\/\/tenisowatalentiada.pl\/en\/wp-json\/wp\/v2\/posts"}],"about":[{"href":"https:\/\/tenisowatalentiada.pl\/en\/wp-json\/wp\/v2\/types\/post"}],"author":[{"embeddable":true,"href":"https:\/\/tenisowatalentiada.pl\/en\/wp-json\/wp\/v2\/users\/1"}],"replies":[{"embeddable":true,"href":"https:\/\/tenisowatalentiada.pl\/en\/wp-json\/wp\/v2\/comments?post=4772"}],"version-history":[{"count":8,"href":"https:\/\/tenisowatalentiada.pl\/en\/wp-json\/wp\/v2\/posts\/4772\/revisions"}],"predecessor-version":[{"id":6814,"href":"https:\/\/tenisowatalentiada.pl\/en\/wp-json\/wp\/v2\/posts\/4772\/revisions\/6814"}],"wp:featuredmedia":[{"embeddable":true,"href":"https:\/\/tenisowatalentiada.pl\/en\/wp-json\/wp\/v2\/media\/4774"}],"wp:attachment":[{"href":"https:\/\/tenisowatalentiada.pl\/en\/wp-json\/wp\/v2\/media?parent=4772"}],"wp:term":[{"taxonomy":"category","embeddable":true,"href":"https:\/\/tenisowatalentiada.pl\/en\/wp-json\/wp\/v2\/categories?post=4772"},{"taxonomy":"post_tag","embeddable":true,"href":"https:\/\/tenisowatalentiada.pl\/en\/wp-json\/wp\/v2\/tags?post=4772"}],"curies":[{"name":"wp","href":"https:\/\/api.w.org\/{rel}","templated":true}]}}