{"id":5882,"date":"2023-09-05T15:22:52","date_gmt":"2023-09-05T13:22:52","guid":{"rendered":"https:\/\/tenisowatalentiada.pl\/?p=5882"},"modified":"2024-08-15T21:22:27","modified_gmt":"2024-08-15T19:22:27","slug":"polfinal-w-poznaniu-nowa-data-i-obiekt","status":"publish","type":"post","link":"https:\/\/tenisowatalentiada.pl\/en\/polfinal-w-poznaniu-nowa-data-i-obiekt\/","title":{"rendered":"P\u00f3\u0142fina\u0142 w Poznaniu \u2013 nowa data i obiekt"},"content":{"rendered":"<div data-elementor-type=\"wp-post\" data-elementor-id=\"5882\" class=\"elementor elementor-5882\" data-elementor-post-type=\"post\">\n\t\t\t\t\t\t<section class=\"elementor-section elementor-top-section elementor-element elementor-element-195e9d2d elementor-section-full_width elementor-section-height-default elementor-section-height-default\" data-id=\"195e9d2d\" data-element_type=\"section\" data-e-type=\"section\">\n\t\t\t\t\t\t<div class=\"elementor-container elementor-column-gap-no\">\n\t\t\t\t\t<div class=\"elementor-column elementor-col-100 elementor-top-column elementor-element elementor-element-54aaae6a\" data-id=\"54aaae6a\" data-element_type=\"column\" data-e-type=\"column\">\n\t\t\t<div class=\"elementor-widget-wrap elementor-element-populated\">\n\t\t\t\t\t\t<div class=\"elementor-element elementor-element-709a859 elementor-widget elementor-widget-text-editor\" data-id=\"709a859\" data-element_type=\"widget\" data-e-type=\"widget\" data-widget_type=\"text-editor.default\">\n\t\t\t\t<div class=\"elementor-widget-container\">\n\t\t\t\t\t\t\t\t\t<p>06 wrze\u015bnia, 2023<br \/><b style=\"font-style: inherit;\"><span style=\"font-size: x-large;\">P\u00f3\u0142fina\u0142 w Poznaniu \u2013 nowa data i obiekt<\/span><\/b><\/p>\t\t\t\t\t\t\t\t<\/div>\n\t\t\t\t<\/div>\n\t\t\t\t<div class=\"elementor-element elementor-element-1d13af4 elementor-widget elementor-widget-image\" data-id=\"1d13af4\" data-element_type=\"widget\" data-e-type=\"widget\" data-widget_type=\"image.default\">\n\t\t\t\t<div class=\"elementor-widget-container\">\n\t\t\t\t\t\t\t\t\t\t\t\t\t\t\t<img fetchpriority=\"high\" decoding=\"async\" width=\"2709\" height=\"998\" src=\"https:\/\/tenisowatalentiada.pl\/wp-content\/uploads\/2023\/09\/KJOM_TALENTIADA-2023_3-SLIDER-1.png\" class=\"attachment-full size-full wp-image-5864\" alt=\"\" srcset=\"https:\/\/tenisowatalentiada.pl\/wp-content\/uploads\/2023\/09\/KJOM_TALENTIADA-2023_3-SLIDER-1.png 2709w, https:\/\/tenisowatalentiada.pl\/wp-content\/uploads\/2023\/09\/KJOM_TALENTIADA-2023_3-SLIDER-1-300x111.png 300w, https:\/\/tenisowatalentiada.pl\/wp-content\/uploads\/2023\/09\/KJOM_TALENTIADA-2023_3-SLIDER-1-1024x377.png 1024w, https:\/\/tenisowatalentiada.pl\/wp-content\/uploads\/2023\/09\/KJOM_TALENTIADA-2023_3-SLIDER-1-768x283.png 768w, https:\/\/tenisowatalentiada.pl\/wp-content\/uploads\/2023\/09\/KJOM_TALENTIADA-2023_3-SLIDER-1-1536x566.png 1536w, https:\/\/tenisowatalentiada.pl\/wp-content\/uploads\/2023\/09\/KJOM_TALENTIADA-2023_3-SLIDER-1-2048x754.png 2048w, https:\/\/tenisowatalentiada.pl\/wp-content\/uploads\/2023\/09\/KJOM_TALENTIADA-2023_3-SLIDER-1-18x7.png 18w\" sizes=\"(max-width: 2709px) 100vw, 2709px\" \/>\t\t\t\t\t\t\t\t\t\t\t\t\t\t\t<\/div>\n\t\t\t\t<\/div>\n\t\t\t\t<div class=\"elementor-element elementor-element-74d91f elementor-widget elementor-widget-text-editor\" data-id=\"74d91f\" data-element_type=\"widget\" data-e-type=\"widget\" data-widget_type=\"text-editor.default\">\n\t\t\t\t<div class=\"elementor-widget-container\">\n\t\t\t\t\t\t\t\t\t<p><strong>Mamy wa\u017cn\u0105 informacje dla wszystkich p\u00f3\u0142finalist\u00f3w, kt\u00f3rzy swoje spotkania rozgrywaj\u0105 w Poznaniu<\/strong>. <strong><span style=\"color: #ff0000;\">Ze wzgl\u0119d\u00f3w organizacyjnych etap drugi rozgrywek KINDER Joy of moving Tenisowej Talentiady w Poznaniu odb\u0119dzie si\u0119 na obiekcie Park Tenisowy Olimpia w terminie 17.09.2023. Przy czy data i miejsce rozgrania p\u00f3\u0142fina\u0142owych spotka\u0144 w Radomiu pozostaje bez zmian (16.09).<\/span><\/strong><\/p><p><strong>ETAP II: P\u00d3\u0141FINA\u0141Y<\/strong><br \/><strong>Data<\/strong>: <span style=\"color: #00ccff;\">16.09.2023<\/span> (SOBOTA)<br \/><strong>Miejsce<\/strong>: <span style=\"color: #00ccff;\">MOSiR Radom (KORTY TENISOWE),<\/span> ul. Bulwarowa 19, Radom<br \/><strong>ZOBACZ SCENARIUSZ<\/strong>: <a href=\"https:\/\/tenisowatalentiada.pl\/wp-content\/uploads\/2023\/08\/KINDER_JOM_TALENTIADA-23_SCENARIUSZ-polfinal-1.pdf\">LINK<\/a>\u00a0<br \/>Dru\u017cyny:<br \/>1. Urwisy Deski Warszawa<br \/>2. AT Masters Radom I<br \/>3. AM Tenis Warszawa<br \/>4. Deski Junior Team<br \/>5. ST TieBreak Warszawa<br \/>6. AT Kozerki<br \/>7. Bydgoska Akademia Tenisowa<br \/>8. Toru\u0144skie Pierniki Tenis Klub Toru\u0144<br \/>9. \u201eTatciki\u201d Toru\u0144ska Akademia Tenisowa<br \/>10. Wchodnia Kielce<br \/>11. UKS Junior Tarnogr\u00f3d<br \/>12. GKS G\u00f3rnik \u0141\u0119czna<br \/>13. TKT Bofarm<br \/>14. KS Grzeg\u00f3rzecki Krak\u00f3w<br \/>15. MKT Stalowa Wola<br \/>16. AT Masters Radom II<\/p><p><strong>Data<\/strong>: <span style=\"color: #00ccff;\">17.09.2023<\/span> (NIEDZIELA)<br \/><strong>Miejsce<\/strong>: <span style=\"color: #00ccff;\">Park Tenisowy Olimpia Pozna\u0144,<\/span> ul. Warmi\u0144ska 1, 60-622 Pozna\u0144<br \/><strong>ZOBACZ SCENARIUSZ<\/strong>: <a href=\"https:\/\/tenisowatalentiada.pl\/wp-content\/uploads\/2023\/08\/KINDER_JOM_TALENTIADA-23_SCENARIUSZ-polfinal-1.pdf\">LINK<\/a>\u00a0<br \/>Dru\u017cyny:<br \/>1. ZKT Zielona G\u00f3ra<br \/>2. Mr\u00f3weczki Atakuj\u0105 SKT Szczecin<br \/>3. KT \u017bary<br \/>4. KT Arka Gdynia<br \/>5. TUKS Zdu\u0144ska Wola<br \/>6. Wiewi\u00f3rki MKT \u0141\u00f3d\u017a<br \/>7. BKT Advantage Bielsko-Bia\u0142a I<br \/>8. BKT Advantage Bielsko-Bia\u0142a II<br \/>9. B\u0142yskawice AZS<br \/>10. Gwiazdy Angie<br \/>11. Calisia Tenis Kaliskie Gumisie<br \/>12. Calisia Tenis Pro lwy<br \/>13. Szybkie Pi\u0142eczki AZS<br \/>14. Jelonki Jelenia G\u00f3ra<br \/>15. TOP Zag\u0142ebiaki Lubin<br \/>16. Park Tenisowy Olimpia<\/p><p><strong>W razie pyta\u0144, prosimy o kontakt z Paw\u0142em Marciszewskim (marciszewski@pzt.pl), koordynatorem rozgrywek ze strony Organizatora \u2013 PZT.<\/strong><\/p>\t\t\t\t\t\t\t\t<\/div>\n\t\t\t\t<\/div>\n\t\t\t\t\t<\/div>\n\t\t<\/div>\n\t\t\t\t\t<\/div>\n\t\t<\/section>\n\t\t\t\t<\/div>","protected":false},"excerpt":{"rendered":"<p>06 wrze\u015bnia, 2023P\u00f3\u0142fina\u0142 w Poznaniu \u2013 nowa data i obiekt Mamy wa\u017cn\u0105 informacje dla wszystkich p\u00f3\u0142finalist\u00f3w, kt\u00f3rzy swoje spotkania rozgrywaj\u0105 w Poznaniu. Ze wzgl\u0119d\u00f3w organizacyjnych etap drugi rozgrywek KINDER Joy of moving Tenisowej Talentiady w Poznaniu odb\u0119dzie si\u0119 na obiekcie Park Tenisowy Olimpia w terminie 17.09.2023. Przy czy data i miejsce rozgrania p\u00f3\u0142fina\u0142owych spotka\u0144 w [&hellip;]<\/p>","protected":false},"author":1,"featured_media":5866,"comment_status":"closed","ping_status":"closed","sticky":false,"template":"","format":"standard","meta":{"site-sidebar-layout":"default","site-content-layout":"content-boxed-container","ast-site-content-layout":"normal-width-container","site-content-style":"boxed","site-sidebar-style":"unboxed","ast-global-header-display":"","ast-banner-title-visibility":"","ast-main-header-display":"","ast-hfb-above-header-display":"","ast-hfb-below-header-display":"","ast-hfb-mobile-header-display":"","site-post-title":"disabled","ast-breadcrumbs-content":"","ast-featured-img":"disabled","footer-sml-layout":"","ast-disable-related-posts":"","theme-transparent-header-meta":"default","adv-header-id-meta":"","stick-header-meta":"","header-above-stick-meta":"","header-main-stick-meta":"","header-below-stick-meta":"","astra-migrate-meta-layouts":"set","ast-page-background-enabled":"default","ast-page-background-meta":{"desktop":{"background-color":"","background-image":"","background-repeat":"repeat","background-position":"center center","background-size":"auto","background-attachment":"scroll","background-type":"","background-media":"","overlay-type":"","overlay-color":"","overlay-opacity":"","overlay-gradient":""},"tablet":{"background-color":"","background-image":"","background-repeat":"repeat","background-position":"center center","background-size":"auto","background-attachment":"scroll","background-type":"","background-media":"","overlay-type":"","overlay-color":"","overlay-opacity":"","overlay-gradient":""},"mobile":{"background-color":"","background-image":"","background-repeat":"repeat","background-position":"center center","background-size":"auto","background-attachment":"scroll","background-type":"","background-media":"","overlay-type":"","overlay-color":"","overlay-opacity":"","overlay-gradient":""}},"ast-content-background-meta":{"desktop":{"background-color":"var(--ast-global-color-5)","background-image":"","background-repeat":"repeat","background-position":"center center","background-size":"auto","background-attachment":"scroll","background-type":"","background-media":"","overlay-type":"","overlay-color":"","overlay-opacity":"","overlay-gradient":""},"tablet":{"background-color":"var(--ast-global-color-5)","background-image":"","background-repeat":"repeat","background-position":"center center","background-size":"auto","background-attachment":"scroll","background-type":"","background-media":"","overlay-type":"","overlay-color":"","overlay-opacity":"","overlay-gradient":""},"mobile":{"background-color":"var(--ast-global-color-5)","background-image":"","background-repeat":"repeat","background-position":"center center","background-size":"auto","background-attachment":"scroll","background-type":"","background-media":"","overlay-type":"","overlay-color":"","overlay-opacity":"","overlay-gradient":""}},"footnotes":""},"categories":[16],"tags":[],"class_list":["post-5882","post","type-post","status-publish","format-standard","has-post-thumbnail","hentry","category-news"],"aioseo_notices":[],"_links":{"self":[{"href":"https:\/\/tenisowatalentiada.pl\/en\/wp-json\/wp\/v2\/posts\/5882","targetHints":{"allow":["GET"]}}],"collection":[{"href":"https:\/\/tenisowatalentiada.pl\/en\/wp-json\/wp\/v2\/posts"}],"about":[{"href":"https:\/\/tenisowatalentiada.pl\/en\/wp-json\/wp\/v2\/types\/post"}],"author":[{"embeddable":true,"href":"https:\/\/tenisowatalentiada.pl\/en\/wp-json\/wp\/v2\/users\/1"}],"replies":[{"embeddable":true,"href":"https:\/\/tenisowatalentiada.pl\/en\/wp-json\/wp\/v2\/comments?post=5882"}],"version-history":[{"count":14,"href":"https:\/\/tenisowatalentiada.pl\/en\/wp-json\/wp\/v2\/posts\/5882\/revisions"}],"predecessor-version":[{"id":6430,"href":"https:\/\/tenisowatalentiada.pl\/en\/wp-json\/wp\/v2\/posts\/5882\/revisions\/6430"}],"wp:featuredmedia":[{"embeddable":true,"href":"https:\/\/tenisowatalentiada.pl\/en\/wp-json\/wp\/v2\/media\/5866"}],"wp:attachment":[{"href":"https:\/\/tenisowatalentiada.pl\/en\/wp-json\/wp\/v2\/media?parent=5882"}],"wp:term":[{"taxonomy":"category","embeddable":true,"href":"https:\/\/tenisowatalentiada.pl\/en\/wp-json\/wp\/v2\/categories?post=5882"},{"taxonomy":"post_tag","embeddable":true,"href":"https:\/\/tenisowatalentiada.pl\/en\/wp-json\/wp\/v2\/tags?post=5882"}],"curies":[{"name":"wp","href":"https:\/\/api.w.org\/{rel}","templated":true}]}}