{"id":7248,"date":"2025-09-01T11:05:24","date_gmt":"2025-09-01T09:05:24","guid":{"rendered":"https:\/\/tenisowatalentiada.pl\/?p=7248"},"modified":"2025-09-01T12:10:26","modified_gmt":"2025-09-01T10:10:26","slug":"czas-na-polfinaly-w-poznaniu-i-radomiu","status":"publish","type":"post","link":"https:\/\/tenisowatalentiada.pl\/en\/czas-na-polfinaly-w-poznaniu-i-radomiu\/","title":{"rendered":"Czas na P\u00f3\u0142fina\u0142y w Poznaniu i Radomiu!"},"content":{"rendered":"<figure class=\"wp-block-image size-large\"><img fetchpriority=\"high\" decoding=\"async\" width=\"1024\" height=\"377\" src=\"https:\/\/tenisowatalentiada.pl\/wp-content\/uploads\/2025\/09\/KINDER_JOM_TALENTIADA-25_1-NEWS-1024x377.png\" alt=\"\" class=\"wp-image-7255\" srcset=\"https:\/\/tenisowatalentiada.pl\/wp-content\/uploads\/2025\/09\/KINDER_JOM_TALENTIADA-25_1-NEWS-1024x377.png 1024w, https:\/\/tenisowatalentiada.pl\/wp-content\/uploads\/2025\/09\/KINDER_JOM_TALENTIADA-25_1-NEWS-300x111.png 300w, https:\/\/tenisowatalentiada.pl\/wp-content\/uploads\/2025\/09\/KINDER_JOM_TALENTIADA-25_1-NEWS-768x283.png 768w, https:\/\/tenisowatalentiada.pl\/wp-content\/uploads\/2025\/09\/KINDER_JOM_TALENTIADA-25_1-NEWS-1536x566.png 1536w, https:\/\/tenisowatalentiada.pl\/wp-content\/uploads\/2025\/09\/KINDER_JOM_TALENTIADA-25_1-NEWS-2048x754.png 2048w, https:\/\/tenisowatalentiada.pl\/wp-content\/uploads\/2025\/09\/KINDER_JOM_TALENTIADA-25_1-NEWS-18x7.png 18w\" sizes=\"(max-width: 1024px) 100vw, 1024px\" \/><\/figure>\n\n\n\n<p><strong>6 wrze\u015bnia startuj\u0105 p\u00f3\u0142fina\u0142y og\u00f3lnopolskie Kinder Joy of Moving Tenisowa Talentiada<\/strong>!<\/p>\n\n\n\n<p>W pierwszy weekend wrze\u015bnia rozpoczynaj\u0105 si\u0119 <strong>p\u00f3\u0142fina\u0142y og\u00f3lnopolskie Kinder Joy of Moving Tenisowa Talentiada<\/strong>. <br>To etap rozgrywek, w kt\u00f3rych bior\u0105 udzia\u0142 dru\u017cyny wy\u0142onione we wcze\u015bniejszych eliminacjach wojew\u00f3dzkich. M\u0142odzi zawodnicy zmierz\u0105 si\u0119 w konkurencjach sprawno\u015bciowych, dru\u017cynowych paratenisowych oraz tenisowych, kt\u00f3re maj\u0105 na celu sprawdzenie ich umiej\u0119tno\u015bci gry, koordynacji i pracy zespo\u0142owej.<\/p>\n\n\n\n<p><strong>Tenisowa Talentiada<\/strong> to program skierowany do dzieci w wieku 7\u201310 lat, organizowany przez Polski Zwi\u0105zek Tenisowy we wsp\u00f3\u0142pracy z Kinder Joy of Moving. Jego celem jest popularyzacja tenisa w\u015br\u00f3d najm\u0142odszych oraz zach\u0119canie do regularnej aktywno\u015bci fizycznej.<\/p>\n\n\n\n<p>W p\u00f3\u0142fina\u0142ach rywalizowa\u0107 b\u0119d\u0105 najlepsze zespo\u0142y z ca\u0142ej Polski. Zwyci\u0119zcy uzyskaj\u0105 awans do wielkiego fina\u0142u, kt\u00f3ry wy\u0142oni najbardziej wszechstronne dru\u017cyny w kraju.<\/p>\n\n\n\n<p>Projekt<strong> Kinder Joy of Moving<\/strong> od lat wspiera inicjatywy sportowe w r\u00f3\u017cnych dyscyplinach, promuj\u0105c aktywny i zdrowy styl \u017cycia dzieci i m\u0142odzie\u017cy. Dzi\u0119ki Tenisowej Talentiadzie najm\u0142odsi mog\u0105 rozpocz\u0105\u0107 swoj\u0105 sportow\u0105 przygod\u0119 w atmosferze wsp\u00f3\u0142pracy, zabawy i pozytywnej rywalizacji.<\/p>\n\n\n\n<p><strong>Konkurencje obowi\u0105zuj\u0105ce w tym etapie rozgrywek znajdziecie<\/strong> <a href=\"https:\/\/tenisowatalentiada.pl\/komunikat-polfinaly-kjom-tenisowa-talentiada-2025\/\" target=\"_blank\" rel=\"noopener\" title=\"\"><strong>TUTAJ<\/strong><\/a><\/p>\n\n\n\n<p><\/p>","protected":false},"excerpt":{"rendered":"<p>6 wrze\u015bnia startuj\u0105 p\u00f3\u0142fina\u0142y og\u00f3lnopolskie Kinder Joy of Moving Tenisowa Talentiada! W pierwszy weekend wrze\u015bnia rozpoczynaj\u0105 si\u0119 p\u00f3\u0142fina\u0142y og\u00f3lnopolskie Kinder Joy of Moving Tenisowa Talentiada. To etap rozgrywek, w kt\u00f3rych bior\u0105 udzia\u0142 dru\u017cyny wy\u0142onione we wcze\u015bniejszych eliminacjach wojew\u00f3dzkich. M\u0142odzi zawodnicy zmierz\u0105 si\u0119 w konkurencjach sprawno\u015bciowych, dru\u017cynowych paratenisowych oraz tenisowych, kt\u00f3re maj\u0105 na celu sprawdzenie ich [&hellip;]<\/p>","protected":false},"author":1,"featured_media":7254,"comment_status":"open","ping_status":"open","sticky":false,"template":"","format":"standard","meta":{"site-sidebar-layout":"default","site-content-layout":"","ast-site-content-layout":"default","site-content-style":"default","site-sidebar-style":"default","ast-global-header-display":"","ast-banner-title-visibility":"","ast-main-header-display":"","ast-hfb-above-header-display":"","ast-hfb-below-header-display":"","ast-hfb-mobile-header-display":"","site-post-title":"","ast-breadcrumbs-content":"","ast-featured-img":"","footer-sml-layout":"","ast-disable-related-posts":"","theme-transparent-header-meta":"","adv-header-id-meta":"","stick-header-meta":"","header-above-stick-meta":"","header-main-stick-meta":"","header-below-stick-meta":"","astra-migrate-meta-layouts":"set","ast-page-background-enabled":"default","ast-page-background-meta":{"desktop":{"background-color":"","background-image":"","background-repeat":"repeat","background-position":"center center","background-size":"auto","background-attachment":"scroll","background-type":"","background-media":"","overlay-type":"","overlay-color":"","overlay-opacity":"","overlay-gradient":""},"tablet":{"background-color":"","background-image":"","background-repeat":"repeat","background-position":"center center","background-size":"auto","background-attachment":"scroll","background-type":"","background-media":"","overlay-type":"","overlay-color":"","overlay-opacity":"","overlay-gradient":""},"mobile":{"background-color":"","background-image":"","background-repeat":"repeat","background-position":"center center","background-size":"auto","background-attachment":"scroll","background-type":"","background-media":"","overlay-type":"","overlay-color":"","overlay-opacity":"","overlay-gradient":""}},"ast-content-background-meta":{"desktop":{"background-color":"var(--ast-global-color-5)","background-image":"","background-repeat":"repeat","background-position":"center center","background-size":"auto","background-attachment":"scroll","background-type":"","background-media":"","overlay-type":"","overlay-color":"","overlay-opacity":"","overlay-gradient":""},"tablet":{"background-color":"var(--ast-global-color-5)","background-image":"","background-repeat":"repeat","background-position":"center center","background-size":"auto","background-attachment":"scroll","background-type":"","background-media":"","overlay-type":"","overlay-color":"","overlay-opacity":"","overlay-gradient":""},"mobile":{"background-color":"var(--ast-global-color-5)","background-image":"","background-repeat":"repeat","background-position":"center center","background-size":"auto","background-attachment":"scroll","background-type":"","background-media":"","overlay-type":"","overlay-color":"","overlay-opacity":"","overlay-gradient":""}},"footnotes":""},"categories":[1],"tags":[],"class_list":["post-7248","post","type-post","status-publish","format-standard","has-post-thumbnail","hentry","category-bez-kategorii"],"aioseo_notices":[],"_links":{"self":[{"href":"https:\/\/tenisowatalentiada.pl\/en\/wp-json\/wp\/v2\/posts\/7248","targetHints":{"allow":["GET"]}}],"collection":[{"href":"https:\/\/tenisowatalentiada.pl\/en\/wp-json\/wp\/v2\/posts"}],"about":[{"href":"https:\/\/tenisowatalentiada.pl\/en\/wp-json\/wp\/v2\/types\/post"}],"author":[{"embeddable":true,"href":"https:\/\/tenisowatalentiada.pl\/en\/wp-json\/wp\/v2\/users\/1"}],"replies":[{"embeddable":true,"href":"https:\/\/tenisowatalentiada.pl\/en\/wp-json\/wp\/v2\/comments?post=7248"}],"version-history":[{"count":4,"href":"https:\/\/tenisowatalentiada.pl\/en\/wp-json\/wp\/v2\/posts\/7248\/revisions"}],"predecessor-version":[{"id":7350,"href":"https:\/\/tenisowatalentiada.pl\/en\/wp-json\/wp\/v2\/posts\/7248\/revisions\/7350"}],"wp:featuredmedia":[{"embeddable":true,"href":"https:\/\/tenisowatalentiada.pl\/en\/wp-json\/wp\/v2\/media\/7254"}],"wp:attachment":[{"href":"https:\/\/tenisowatalentiada.pl\/en\/wp-json\/wp\/v2\/media?parent=7248"}],"wp:term":[{"taxonomy":"category","embeddable":true,"href":"https:\/\/tenisowatalentiada.pl\/en\/wp-json\/wp\/v2\/categories?post=7248"},{"taxonomy":"post_tag","embeddable":true,"href":"https:\/\/tenisowatalentiada.pl\/en\/wp-json\/wp\/v2\/tags?post=7248"}],"curies":[{"name":"wp","href":"https:\/\/api.w.org\/{rel}","templated":true}]}}